{"id":4448,"date":"2022-03-23T12:27:22","date_gmt":"2022-03-23T12:27:22","guid":{"rendered":"https:\/\/derechoabogados.es\/prensa\/?p=4448"},"modified":"2026-03-25T10:54:22","modified_gmt":"2026-03-25T10:54:22","slug":"quieres-conocer-las-tendencias-de-diseno-de-cocinas-dominaran-este-ano","status":"publish","type":"post","link":"https:\/\/www.derechoabogados.es\/prensa\/quieres-conocer-las-tendencias-de-diseno-de-cocinas-dominaran-este-ano\/","title":{"rendered":"\u00bfQuieres conocer las tendencias de dise\u00f1o de cocinas dominar\u00e1n este a\u00f1o?"},"content":{"rendered":"<h2 style=\"text-align: justify;\"><span class=\"ez-toc-section\" id=\"La_cocina_siempre_ha_sido_una_estancia_integral_en_nuestros_hogares\"><\/span>La cocina siempre ha sido una estancia integral en nuestros hogares<span class=\"ez-toc-section-end\"><\/span><\/h2><div id=\"ez-toc-container\" class=\"ez-toc-v2_0_82_2 counter-hierarchy ez-toc-counter ez-toc-custom ez-toc-container-direction\">\n<p class=\"ez-toc-title\" style=\"cursor:inherit\">Contenidos de inter\u00e9s en este art\u00edculo: <\/p>\n<label for=\"ez-toc-cssicon-toggle-item-69f56c050ef2d\" class=\"ez-toc-cssicon-toggle-label\"><span class=\"\"><span class=\"eztoc-hide\" style=\"display:none;\">Toggle<\/span><span class=\"ez-toc-icon-toggle-span\"><svg style=\"fill: #3a3a3a;color:#3a3a3a\" xmlns=\"http:\/\/www.w3.org\/2000\/svg\" class=\"list-377408\" width=\"20px\" height=\"20px\" viewBox=\"0 0 24 24\" fill=\"none\"><path d=\"M6 6H4v2h2V6zm14 0H8v2h12V6zM4 11h2v2H4v-2zm16 0H8v2h12v-2zM4 16h2v2H4v-2zm16 0H8v2h12v-2z\" fill=\"currentColor\"><\/path><\/svg><svg style=\"fill: #3a3a3a;color:#3a3a3a\" class=\"arrow-unsorted-368013\" xmlns=\"http:\/\/www.w3.org\/2000\/svg\" width=\"10px\" height=\"10px\" viewBox=\"0 0 24 24\" version=\"1.2\" baseProfile=\"tiny\"><path d=\"M18.2 9.3l-6.2-6.3-6.2 6.3c-.2.2-.3.4-.3.7s.1.5.3.7c.2.2.4.3.7.3h11c.3 0 .5-.1.7-.3.2-.2.3-.5.3-.7s-.1-.5-.3-.7zM5.8 14.7l6.2 6.3 6.2-6.3c.2-.2.3-.5.3-.7s-.1-.5-.3-.7c-.2-.2-.4-.3-.7-.3h-11c-.3 0-.5.1-.7.3-.2.2-.3.5-.3.7s.1.5.3.7z\"\/><\/svg><\/span><\/span><\/label><input type=\"checkbox\"  id=\"ez-toc-cssicon-toggle-item-69f56c050ef2d\"  aria-label=\"Alternar\" \/><nav><ul class='ez-toc-list ez-toc-list-level-1 ' ><li class='ez-toc-page-1 ez-toc-heading-level-2'><a class=\"ez-toc-link ez-toc-heading-1\" href=\"https:\/\/www.derechoabogados.es\/prensa\/quieres-conocer-las-tendencias-de-diseno-de-cocinas-dominaran-este-ano\/#La_cocina_siempre_ha_sido_una_estancia_integral_en_nuestros_hogares\" >La cocina siempre ha sido una estancia integral en nuestros hogares<\/a><ul class='ez-toc-list-level-3' ><li class='ez-toc-heading-level-3'><a class=\"ez-toc-link ez-toc-heading-2\" href=\"https:\/\/www.derechoabogados.es\/prensa\/quieres-conocer-las-tendencias-de-diseno-de-cocinas-dominaran-este-ano\/#Armarios_llenos_de_colores\" >Armarios llenos de colores<\/a><\/li><li class='ez-toc-page-1 ez-toc-heading-level-3'><a class=\"ez-toc-link ez-toc-heading-3\" href=\"https:\/\/www.derechoabogados.es\/prensa\/quieres-conocer-las-tendencias-de-diseno-de-cocinas-dominaran-este-ano\/#Nuevos_materiales\" >Nuevos materiales<\/a><\/li><li class='ez-toc-page-1 ez-toc-heading-level-3'><a class=\"ez-toc-link ez-toc-heading-4\" href=\"https:\/\/www.derechoabogados.es\/prensa\/quieres-conocer-las-tendencias-de-diseno-de-cocinas-dominaran-este-ano\/#Tratamientos_con_azulejos\" >Tratamientos con azulejos<\/a><\/li><li class='ez-toc-page-1 ez-toc-heading-level-3'><a class=\"ez-toc-link ez-toc-heading-5\" href=\"https:\/\/www.derechoabogados.es\/prensa\/quieres-conocer-las-tendencias-de-diseno-de-cocinas-dominaran-este-ano\/#Detalles_detalles_y_mas_detalles\" >Detalles, detalles y m\u00e1s detalles<\/a><\/li><li class='ez-toc-page-1 ez-toc-heading-level-3'><a class=\"ez-toc-link ez-toc-heading-6\" href=\"https:\/\/www.derechoabogados.es\/prensa\/quieres-conocer-las-tendencias-de-diseno-de-cocinas-dominaran-este-ano\/#Cocinas_blancas\" >Cocinas blancas<\/a><\/li><li class='ez-toc-page-1 ez-toc-heading-level-3'><a class=\"ez-toc-link ez-toc-heading-7\" href=\"https:\/\/www.derechoabogados.es\/prensa\/quieres-conocer-las-tendencias-de-diseno-de-cocinas-dominaran-este-ano\/#Uso_del_granito\" >Uso del granito<\/a><\/li><\/ul><\/li><\/ul><\/nav><\/div>\n\n<p style=\"text-align: justify;\">Despu\u00e9s de pasar la mayor parte de los dos \u00faltimos a\u00f1os en casa, y de preparar all\u00ed el desayuno, la comida y la cena, hemos adquirido un nuevo aprecio por nuestras cocinas.<\/p>\n<p style=\"text-align: justify;\">Dado que estos espacios son el coraz\u00f3n de nuestros hogares, tambi\u00e9n deber\u00edan presentar una forma adecuada. Para ayudarte a dar a tu espacio una muy merecida (y quiz\u00e1s muy necesaria) reforma, hemos preguntado a <strong>Reformas Excelent<\/strong>, <a title=\"empresa de reformas en Madrid\" href=\"https:\/\/reformasexcelent.com\/\" target=\"_blank\" rel=\"noopener\">empresa de reformas Madrid<\/a> sobre las tendencias en cocinas que creen que triunfar\u00e1n en 2023.<\/p>\n<p style=\"text-align: justify;\">Como dice el refr\u00e1n, la belleza est\u00e1 en el ojo del que mira, as\u00ed que <strong>es importante decorar la cocina teniendo en cuenta el gusto personal<\/strong>. Sin embargo, entender las <a href=\"http:\/\/derechoabogados.es\/prensa\/la-mejor-temporada-para-reformar-el-hogar\/\" target=\"_blank\" rel=\"noopener\">\u00faltimas tendencias en el mundo del dise\u00f1o<\/a> puede ofrecer una amplia visi\u00f3n sobre la mejor manera de refrescar su espacio.<\/p>\n<p style=\"text-align: justify;\">Por suerte, estas modas aprobadas por las empresas de <a title=\"reformas de pisos Madrid\" href=\"https:\/\/reformasexcelent.com\/reformas-de-pisos-madrid\/\" target=\"_blank\" rel=\"noopener\">reformas de pisos Madrid<\/a> abarcan toda la gama, desde los armarios hasta los accesorios bien equipados, lo que significa que seguramente encontrar\u00e1s una idea actual que se ajuste a la est\u00e9tica de tu vivienda y a tu presupuesto.<\/p>\n<hr \/>\n<h3 style=\"text-align: justify;\"><span class=\"ez-toc-section\" id=\"Armarios_llenos_de_colores\"><\/span>Armarios llenos de colores<span class=\"ez-toc-section-end\"><\/span><\/h3>\n<p style=\"text-align: justify;\">Adi\u00f3s a las cocinas totalmente blancas.<\/p>\n<p style=\"text-align: justify;\">Tanto si se trata de <strong>armarios a medida<\/strong> como de dise\u00f1ar un espacio completo, los tonos neutros combinados con colores fuertes, como verdes profundos, rojos intensos y azules, seguir\u00e1n siendo la combinaci\u00f3n de colores preferida por la mayor\u00eda.<\/p>\n<p style=\"text-align: justify;\">Muchos de nuestros clientes siguen optando por colores neutros en los armarios en general, pero se arriesgan a pintar los armarios de la isla o la despensa. Esto permite a los propietarios mantener la mayor parte de su espacio muy tranquilo y relajado, mientras que simult\u00e1neamente se introduce un elemento de color fuerte para un poco de inter\u00e9s.<\/p>\n<hr \/>\n<h3 style=\"text-align: justify;\"><span class=\"ez-toc-section\" id=\"Nuevos_materiales\"><\/span>Nuevos materiales<span class=\"ez-toc-section-end\"><\/span><\/h3>\n<p style=\"text-align: justify;\">Si no te apetece un estallido de color, siempre puedes hacer una declaraci\u00f3n con algo de textura. Personalmente, nos encanta el uso de tonos de madera (como el roble claro) en las cocinas.<\/p>\n<p style=\"text-align: justify;\">Se\u00f1alamos que las puertas planas se est\u00e1n integrando con m\u00e1s frecuencia (responden a una sensibilidad m\u00e1s tradicional) y que las nuevas piedras, como el <strong>travertino y la cuarcita<\/strong>, est\u00e1n en alza. Estas sofisticadas mejoras suelen ser sencillas, as\u00ed como a\u00f1adir una nueva textura no es una tarea tan grande como parece. Sustituir las encimeras es relativamente f\u00e1cil y no muy costoso en un espacio peque\u00f1o.<\/p>\n<p><img decoding=\"async\" class=\"aligncenter wp-image-4452 size-full\" title=\"Nuevos materiales\" src=\"https:\/\/derechoabogados.es\/prensa\/wp-content\/uploads\/2022\/09\/Nuevos-materiales.jpg\" alt=\"Nuevos materiales\" width=\"715\" height=\"406\" \/><\/p>\n<hr \/>\n<h3 style=\"text-align: justify;\"><span class=\"ez-toc-section\" id=\"Tratamientos_con_azulejos\"><\/span>Tratamientos con azulejos<span class=\"ez-toc-section-end\"><\/span><\/h3>\n<p style=\"text-align: justify;\">Nunca subestimes el poder de los azulejos colocados estrat\u00e9gicamente. Durante a\u00f1os, los azulejos han servido para un prop\u00f3sito estrictamente utilitario; una capa f\u00e1cil de limpiar que puede proteger sus paredes de derrames y salpicaduras.<\/p>\n<p style=\"text-align: justify;\">Sin embargo, en 2023 es el a\u00f1o en que este medio ser\u00e1 el protagonista. \u00bfUn lugar inesperado para dar el tratamiento de azulejos? El hueco de tu ventana. Buscando inspiraci\u00f3n para la propia cocina, te das cuenta de que los azulejos de las ventanas est\u00e1n de moda y no creemos que sea una casualidad.<\/p>\n<p style=\"text-align: justify;\">Es tan bonito, sencillo y f\u00e1cil de limpiar, todos los requisitos para implementarlo en el dise\u00f1o. Con tantas formas, colores y estilos entre los que elegir, los habitantes pueden dar a esta nueva moda de dise\u00f1o un toque personalizado. Eso s\u00ed, es importante priorizar la calidad por encima de todo. Aseg\u00farate de que est\u00e1s adquiriendo el mejor producto para tu casa.<\/p>\n<hr \/>\n<h3 style=\"text-align: justify;\"><span class=\"ez-toc-section\" id=\"Detalles_detalles_y_mas_detalles\"><\/span>Detalles, detalles y m\u00e1s detalles<span class=\"ez-toc-section-end\"><\/span><\/h3>\n<p style=\"text-align: justify;\">Los salpicaderos, los colores de los armarios y los materiales de las encimeras pueden transformar tu cocina en un instante, pero son esos peque\u00f1os toques finales los que pueden hacer que tu espacio sea a\u00fan m\u00e1s especial.<\/p>\n<p style=\"text-align: justify;\">Eso significa prestar mucha atenci\u00f3n al lugar donde se enchufa el robot de cocina o la olla de cocci\u00f3n lenta. Creemos que los clientes prestan m\u00e1s atenci\u00f3n a los detalles en las cocinas que redise\u00f1an.<\/p>\n<p style=\"text-align: justify;\">Los elementos que funcionan como acentos impactantes (como las placas de pared) adquieren m\u00e1s protagonismo, en lugar de quedar en segundo plano.<\/p>\n<p style=\"text-align: justify;\">Para integrar el aspecto y crear una cocina c\u00e1lida y acogedora, te animamos a mantener estos detalles de acabado neutros. Y, si quieres a\u00f1adir un toque de color m\u00e1s adelante, hazlo con pa\u00f1os de cocina o vajillas vibrantes.<\/p>\n<hr \/>\n<h3 style=\"text-align: justify;\"><span class=\"ez-toc-section\" id=\"Cocinas_blancas\"><\/span>Cocinas blancas<span class=\"ez-toc-section-end\"><\/span><\/h3>\n<p style=\"text-align: justify;\">Las cocinas blancas han perdido oficialmente su chispa. Las cocinas blancas parecen est\u00e9riles y sin personalidad. Hay mucho espacio para personalizar el espacio en el que se pasa m\u00e1s tiempo. Las cocinas suelen ser el coraz\u00f3n del hogar, y deber\u00edan evocar felicidad y alegr\u00eda.<\/p>\n<p style=\"text-align: justify;\">Dejando a un lado la est\u00e9tica, las cocinas totalmente blancas son notoriamente dif\u00edciles de mantener, ya que cada punto y especificaci\u00f3n es totalmente visible.<\/p>\n<p style=\"text-align: justify;\">Para conseguir un espacio agradable e indulgente con los derrames de salsa y las migas de comida, incorpora un toque de color. Si no est\u00e1s dispuesto a comprometerte con los armarios verdes, introduce el color en los salpicaderos.<\/p>\n<p style=\"text-align: justify;\">A\u00f1adir azulejos hechos a mano o baldosas de vidrio para infundir algo de personalidad al coraz\u00f3n de la casa es siempre un s\u00ed.<\/p>\n<hr \/>\n<h3 style=\"text-align: justify;\"><span class=\"ez-toc-section\" id=\"Uso_del_granito\"><\/span>Uso del granito<span class=\"ez-toc-section-end\"><\/span><\/h3>\n<p style=\"text-align: justify;\">Con una combinaci\u00f3n aparentemente interminable de salpicaderos, encimeras y herrajes entre los que elegir, no te faltar\u00e1n toques de moda.<\/p>\n<p style=\"text-align: justify;\">Sin embargo, una combinaci\u00f3n incorrecta puede hacer que tu espacio parezca un poco anticuado. Si quieres cambiar un elemento, sustituye las encimeras de granito. Es un indicador r\u00e1pido de una cocina envejecida.<\/p>\n<p style=\"text-align: justify;\">En su lugar, opta por encimeras de esteatita o m\u00e1rmol. Se astillan y patinan con el paso del tiempo, y eso nos parece totalmente bien, incluso preferible.<\/p>\n\n\n<div class=\"kk-star-ratings kksr-auto kksr-align-right kksr-valign-bottom\"\n    data-payload='{&quot;align&quot;:&quot;right&quot;,&quot;id&quot;:&quot;4448&quot;,&quot;slug&quot;:&quot;default&quot;,&quot;valign&quot;:&quot;bottom&quot;,&quot;ignore&quot;:&quot;&quot;,&quot;reference&quot;:&quot;auto&quot;,&quot;class&quot;:&quot;&quot;,&quot;count&quot;:&quot;22&quot;,&quot;legendonly&quot;:&quot;&quot;,&quot;readonly&quot;:&quot;&quot;,&quot;score&quot;:&quot;5&quot;,&quot;starsonly&quot;:&quot;&quot;,&quot;best&quot;:&quot;5&quot;,&quot;gap&quot;:&quot;5&quot;,&quot;greet&quot;:&quot;Valore este art\u00edculo, gracias.&quot;,&quot;legend&quot;:&quot;5\\\/5 - (22 votos)&quot;,&quot;size&quot;:&quot;26&quot;,&quot;title&quot;:&quot;\u00bfQuieres conocer las tendencias de dise\u00f1o de cocinas dominar\u00e1n este a\u00f1o?&quot;,&quot;width&quot;:&quot;152.5&quot;,&quot;_legend&quot;:&quot;{score}\\\/{best} - ({count} {votes})&quot;,&quot;font_factor&quot;:&quot;1.25&quot;}'>\n            \n<div class=\"kksr-stars\">\n    \n<div class=\"kksr-stars-inactive\">\n            <div class=\"kksr-star\" data-star=\"1\" style=\"padding-right: 5px\">\n            \n\n<div class=\"kksr-icon\" style=\"width: 26px; height: 26px;\"><\/div>\n        <\/div>\n            <div class=\"kksr-star\" data-star=\"2\" style=\"padding-right: 5px\">\n            \n\n<div class=\"kksr-icon\" style=\"width: 26px; height: 26px;\"><\/div>\n        <\/div>\n            <div class=\"kksr-star\" data-star=\"3\" style=\"padding-right: 5px\">\n            \n\n<div class=\"kksr-icon\" style=\"width: 26px; height: 26px;\"><\/div>\n        <\/div>\n            <div class=\"kksr-star\" data-star=\"4\" style=\"padding-right: 5px\">\n            \n\n<div class=\"kksr-icon\" style=\"width: 26px; height: 26px;\"><\/div>\n        <\/div>\n            <div class=\"kksr-star\" data-star=\"5\" style=\"padding-right: 5px\">\n            \n\n<div class=\"kksr-icon\" style=\"width: 26px; height: 26px;\"><\/div>\n        <\/div>\n    <\/div>\n    \n<div class=\"kksr-stars-active\" style=\"width: 152.5px;\">\n            <div class=\"kksr-star\" style=\"padding-right: 5px\">\n            \n\n<div class=\"kksr-icon\" style=\"width: 26px; height: 26px;\"><\/div>\n        <\/div>\n            <div class=\"kksr-star\" style=\"padding-right: 5px\">\n            \n\n<div class=\"kksr-icon\" style=\"width: 26px; height: 26px;\"><\/div>\n        <\/div>\n            <div class=\"kksr-star\" style=\"padding-right: 5px\">\n            \n\n<div class=\"kksr-icon\" style=\"width: 26px; height: 26px;\"><\/div>\n        <\/div>\n            <div class=\"kksr-star\" style=\"padding-right: 5px\">\n            \n\n<div class=\"kksr-icon\" style=\"width: 26px; height: 26px;\"><\/div>\n        <\/div>\n            <div class=\"kksr-star\" style=\"padding-right: 5px\">\n            \n\n<div class=\"kksr-icon\" style=\"width: 26px; height: 26px;\"><\/div>\n        <\/div>\n    <\/div>\n<\/div>\n                \n\n<div class=\"kksr-legend\" style=\"font-size: 20.8px;\">\n            5\/5 - (22 votos)    <\/div>\n    <\/div>\n","protected":false},"excerpt":{"rendered":"<p>La cocina siempre ha sido una estancia integral en nuestros hogares Despu\u00e9s de pasar la mayor parte de los dos \u00faltimos a\u00f1os en casa, y de preparar all\u00ed el desayuno, la comida y la cena, hemos adquirido un nuevo aprecio por nuestras cocinas. Dado que estos espacios son el coraz\u00f3n de nuestros hogares, tambi\u00e9n deber\u00edan<\/p>\n","protected":false},"author":1,"featured_media":4449,"comment_status":"open","ping_status":"open","sticky":false,"template":"","format":"standard","meta":{"_jetpack_memberships_contains_paid_content":false,"footnotes":""},"categories":[55],"tags":[],"class_list":["post-4448","post","type-post","status-publish","format-standard","has-post-thumbnail","hentry","category-economia-y-empresas"],"jetpack_featured_media_url":"https:\/\/www.derechoabogados.es\/prensa\/wp-content\/uploads\/2022\/09\/Quieres-conocer-las-tendencias-de-diseno-de-cocinas-dominaran-en-2023.jpg","jetpack-related-posts":[{"id":4159,"url":"https:\/\/www.derechoabogados.es\/prensa\/la-mejor-temporada-para-reformar-el-hogar\/","url_meta":{"origin":4448,"position":0},"title":"La mejor temporada para reformar el hogar","author":"Eugenia de Araujo | DERECHOABOGADOS Prensa","date":"julio 26, 2021","format":false,"excerpt":"\u00bfCu\u00e1ndo reformar tu vivienda? Muy a menudo, nos preguntan cu\u00e1l es la mejor temporada para reformar un hogar, ya sea porque hay una gran necesidad de reparar ciertas partes de la casa, o simplemente porque hay una necesidad de cambio. Algunas personas lo har\u00e1n de forma prioritaria, si hay que\u2026","rel":"","context":"En \u00abEconom\u00eda y Empresas\u00bb","block_context":{"text":"Econom\u00eda y Empresas","link":"https:\/\/www.derechoabogados.es\/prensa\/categoria\/economia-y-empresas\/"},"img":{"alt_text":"La mejor temporada para reformar el hogar","src":"https:\/\/i0.wp.com\/www.derechoabogados.es\/prensa\/wp-content\/uploads\/2021\/07\/La-mejor-temporada-para-reformar-el-hogar.jpg?resize=350%2C200&ssl=1","width":350,"height":200,"srcset":"https:\/\/i0.wp.com\/www.derechoabogados.es\/prensa\/wp-content\/uploads\/2021\/07\/La-mejor-temporada-para-reformar-el-hogar.jpg?resize=350%2C200&ssl=1 1x, https:\/\/i0.wp.com\/www.derechoabogados.es\/prensa\/wp-content\/uploads\/2021\/07\/La-mejor-temporada-para-reformar-el-hogar.jpg?resize=525%2C300&ssl=1 1.5x, https:\/\/i0.wp.com\/www.derechoabogados.es\/prensa\/wp-content\/uploads\/2021\/07\/La-mejor-temporada-para-reformar-el-hogar.jpg?resize=700%2C400&ssl=1 2x"},"classes":[]},{"id":6204,"url":"https:\/\/www.derechoabogados.es\/prensa\/cuales-son-los-pasos-fundamentales-para-realizar-una-reforma-de-oficina\/","url_meta":{"origin":4448,"position":1},"title":"\u00bfCu\u00e1les son los pasos fundamentales para realizar una reforma de oficina?","author":"Eugenia de Araujo | DERECHOABOGADOS Prensa","date":"febrero 26, 2024","format":false,"excerpt":"Reformas de oficinas que impulsan el \u00e9xito empresarial Realizar una reforma de oficina es un proyecto emocionante y lleno de posibilidades, pero tambi\u00e9n puede resultar abrumador si no se planifica adecuadamente. Desde la conceptualizaci\u00f3n hasta la finalizaci\u00f3n del proyecto, cada paso es crucial para garantizar el \u00e9xito y la satisfacci\u00f3n\u2026","rel":"","context":"En \u00abEconom\u00eda y Empresas\u00bb","block_context":{"text":"Econom\u00eda y Empresas","link":"https:\/\/www.derechoabogados.es\/prensa\/categoria\/economia-y-empresas\/"},"img":{"alt_text":"\u00bfCu\u00e1les son los pasos fundamentales para realizar una reforma de oficina?","src":"https:\/\/i0.wp.com\/www.derechoabogados.es\/prensa\/wp-content\/uploads\/2024\/02\/cuales-son-los-pasos-fundamentales-para-realizar-una-reforma-de-oficina.jpg?resize=350%2C200&ssl=1","width":350,"height":200,"srcset":"https:\/\/i0.wp.com\/www.derechoabogados.es\/prensa\/wp-content\/uploads\/2024\/02\/cuales-son-los-pasos-fundamentales-para-realizar-una-reforma-de-oficina.jpg?resize=350%2C200&ssl=1 1x, https:\/\/i0.wp.com\/www.derechoabogados.es\/prensa\/wp-content\/uploads\/2024\/02\/cuales-son-los-pasos-fundamentales-para-realizar-una-reforma-de-oficina.jpg?resize=525%2C300&ssl=1 1.5x, https:\/\/i0.wp.com\/www.derechoabogados.es\/prensa\/wp-content\/uploads\/2024\/02\/cuales-son-los-pasos-fundamentales-para-realizar-una-reforma-de-oficina.jpg?resize=700%2C400&ssl=1 2x"},"classes":[]},{"id":7533,"url":"https:\/\/www.derechoabogados.es\/prensa\/el-papel-esencial-de-las-empresas-de-limpieza-servicios-funciones-y-su-impacto-en-el-bienestar-colectivo\/","url_meta":{"origin":4448,"position":2},"title":"El papel esencial de las empresas de limpieza: servicios, funciones y su impacto en el bienestar colectivo","author":"Eugenia de Araujo | DERECHOABOGADOS Prensa","date":"noviembre 5, 2025","format":false,"excerpt":"Las\u00a0empresas de limpiezas en Madrid desempe\u00f1an un papel silencioso pero indispensable en la organizaci\u00f3n, higiene y salubridad de hogares, oficinas, hospitales y espacios industriales. En una sociedad donde la\u00a0limpieza y el orden\u00a0se asocian directamente con la salud, la productividad y la imagen profesional, estas compa\u00f1\u00edas se han consolidado como\u00a0aliadas estrat\u00e9gicas\u00a0de\u2026","rel":"","context":"En \u00abEconom\u00eda y Empresas\u00bb","block_context":{"text":"Econom\u00eda y Empresas","link":"https:\/\/www.derechoabogados.es\/prensa\/categoria\/economia-y-empresas\/"},"img":{"alt_text":"El papel esencial de las empresas de limpieza: servicios, funciones y su impacto en el bienestar colectivo","src":"https:\/\/i0.wp.com\/www.derechoabogados.es\/prensa\/wp-content\/uploads\/2025\/11\/El-papel-esencial-de-las-empresas-de-limpieza-servicios-funciones-y-su-impacto-en-el-bienestar-colectivo.jpg?resize=350%2C200&ssl=1","width":350,"height":200,"srcset":"https:\/\/i0.wp.com\/www.derechoabogados.es\/prensa\/wp-content\/uploads\/2025\/11\/El-papel-esencial-de-las-empresas-de-limpieza-servicios-funciones-y-su-impacto-en-el-bienestar-colectivo.jpg?resize=350%2C200&ssl=1 1x, https:\/\/i0.wp.com\/www.derechoabogados.es\/prensa\/wp-content\/uploads\/2025\/11\/El-papel-esencial-de-las-empresas-de-limpieza-servicios-funciones-y-su-impacto-en-el-bienestar-colectivo.jpg?resize=525%2C300&ssl=1 1.5x, https:\/\/i0.wp.com\/www.derechoabogados.es\/prensa\/wp-content\/uploads\/2025\/11\/El-papel-esencial-de-las-empresas-de-limpieza-servicios-funciones-y-su-impacto-en-el-bienestar-colectivo.jpg?resize=700%2C400&ssl=1 2x"},"classes":[]},{"id":7837,"url":"https:\/\/www.derechoabogados.es\/prensa\/10-claves-imprescindibles-para-una-reforma-integral-sin-errores\/","url_meta":{"origin":4448,"position":3},"title":"10 claves imprescindibles para una reforma integral sin errores","author":"Departamento redacci\u00f3n","date":"abril 1, 2026","format":false,"excerpt":"Consejos de expertos para reformas integrales eficientes La planificaci\u00f3n de una reforma integral requiere un enfoque meticuloso, t\u00e9cnico y estrat\u00e9gico, ya que implica la transformaci\u00f3n completa de un espacio habitable o comercial. En este contexto, contar con referencias contrastadas, metodolog\u00edas organizadas y una visi\u00f3n global del proceso resulta determinante para\u2026","rel":"","context":"En \u00abActualidad\u00bb","block_context":{"text":"Actualidad","link":"https:\/\/www.derechoabogados.es\/prensa\/categoria\/actualidad\/"},"img":{"alt_text":"10 claves imprescindibles para una reforma integral sin errores","src":"https:\/\/i0.wp.com\/www.derechoabogados.es\/prensa\/wp-content\/uploads\/2026\/04\/10-claves-imprescindibles-para-una-reforma-integral-sin-errores.jpg?resize=350%2C200&ssl=1","width":350,"height":200,"srcset":"https:\/\/i0.wp.com\/www.derechoabogados.es\/prensa\/wp-content\/uploads\/2026\/04\/10-claves-imprescindibles-para-una-reforma-integral-sin-errores.jpg?resize=350%2C200&ssl=1 1x, https:\/\/i0.wp.com\/www.derechoabogados.es\/prensa\/wp-content\/uploads\/2026\/04\/10-claves-imprescindibles-para-una-reforma-integral-sin-errores.jpg?resize=525%2C300&ssl=1 1.5x, https:\/\/i0.wp.com\/www.derechoabogados.es\/prensa\/wp-content\/uploads\/2026\/04\/10-claves-imprescindibles-para-una-reforma-integral-sin-errores.jpg?resize=700%2C400&ssl=1 2x"},"classes":[]},{"id":4198,"url":"https:\/\/www.derechoabogados.es\/prensa\/nuestros-consejos-para-realizar-una-reforma-de-oficina-corporativa\/","url_meta":{"origin":4448,"position":4},"title":"Nuestros consejos para realizar una reforma de oficina corporativa","author":"Eugenia de Araujo | DERECHOABOGADOS Prensa","date":"agosto 25, 2021","format":false,"excerpt":"Proyecto de reformas de oficinas Al igual que ocurre con las viviendas, las oficinas de las empresas deben reformarse peri\u00f3dicamente para que los empleados se sientan c\u00f3modos. Tambi\u00e9n es la mejor manera de que la empresa aproveche al m\u00e1ximo el espacio y lo utilice en todo su potencial. Pero, sobre\u2026","rel":"","context":"En \u00abEconom\u00eda y Empresas\u00bb","block_context":{"text":"Econom\u00eda y Empresas","link":"https:\/\/www.derechoabogados.es\/prensa\/categoria\/economia-y-empresas\/"},"img":{"alt_text":"Nuestros consejos para realizar una reforma en oficinas corporativa","src":"https:\/\/i0.wp.com\/www.derechoabogados.es\/prensa\/wp-content\/uploads\/2021\/08\/Nuestros-consejos-para-realizar-una-reforma-en-oficinas-corporativa.jpg?resize=350%2C200&ssl=1","width":350,"height":200,"srcset":"https:\/\/i0.wp.com\/www.derechoabogados.es\/prensa\/wp-content\/uploads\/2021\/08\/Nuestros-consejos-para-realizar-una-reforma-en-oficinas-corporativa.jpg?resize=350%2C200&ssl=1 1x, https:\/\/i0.wp.com\/www.derechoabogados.es\/prensa\/wp-content\/uploads\/2021\/08\/Nuestros-consejos-para-realizar-una-reforma-en-oficinas-corporativa.jpg?resize=525%2C300&ssl=1 1.5x, https:\/\/i0.wp.com\/www.derechoabogados.es\/prensa\/wp-content\/uploads\/2021\/08\/Nuestros-consejos-para-realizar-una-reforma-en-oficinas-corporativa.jpg?resize=700%2C400&ssl=1 2x"},"classes":[]}],"jetpack_sharing_enabled":true,"_links":{"self":[{"href":"https:\/\/www.derechoabogados.es\/prensa\/wp-json\/wp\/v2\/posts\/4448","targetHints":{"allow":["GET"]}}],"collection":[{"href":"https:\/\/www.derechoabogados.es\/prensa\/wp-json\/wp\/v2\/posts"}],"about":[{"href":"https:\/\/www.derechoabogados.es\/prensa\/wp-json\/wp\/v2\/types\/post"}],"author":[{"embeddable":true,"href":"https:\/\/www.derechoabogados.es\/prensa\/wp-json\/wp\/v2\/users\/1"}],"replies":[{"embeddable":true,"href":"https:\/\/www.derechoabogados.es\/prensa\/wp-json\/wp\/v2\/comments?post=4448"}],"version-history":[{"count":0,"href":"https:\/\/www.derechoabogados.es\/prensa\/wp-json\/wp\/v2\/posts\/4448\/revisions"}],"wp:featuredmedia":[{"embeddable":true,"href":"https:\/\/www.derechoabogados.es\/prensa\/wp-json\/wp\/v2\/media\/4449"}],"wp:attachment":[{"href":"https:\/\/www.derechoabogados.es\/prensa\/wp-json\/wp\/v2\/media?parent=4448"}],"wp:term":[{"taxonomy":"category","embeddable":true,"href":"https:\/\/www.derechoabogados.es\/prensa\/wp-json\/wp\/v2\/categories?post=4448"},{"taxonomy":"post_tag","embeddable":true,"href":"https:\/\/www.derechoabogados.es\/prensa\/wp-json\/wp\/v2\/tags?post=4448"}],"curies":[{"name":"wp","href":"https:\/\/api.w.org\/{rel}","templated":true}]}}