{"id":7437,"date":"2025-08-21T15:07:34","date_gmt":"2025-08-21T15:07:34","guid":{"rendered":"https:\/\/derechoabogados.es\/prensa\/despido-e-incapacidad-las-empresas-ya-no-pueden-extinguir-el-contrato-por-incapacidad-permanente-tras-la-reforma-del-estatuto-de-los-trabajadores\/"},"modified":"2025-08-21T15:07:34","modified_gmt":"2025-08-21T15:07:34","slug":"despido-e-incapacidad-las-empresas-ya-no-pueden-extinguir-el-contrato-por-incapacidad-permanente-tras-la-reforma-del-estatuto-de-los-trabajadores","status":"publish","type":"post","link":"https:\/\/www.derechoabogados.es\/prensa\/despido-e-incapacidad-las-empresas-ya-no-pueden-extinguir-el-contrato-por-incapacidad-permanente-tras-la-reforma-del-estatuto-de-los-trabajadores\/","title":{"rendered":"Despido e incapacidad: las empresas ya no pueden extinguir el contrato por incapacidad permanente tras la reforma del Estatuto de los Trabajadores"},"content":{"rendered":"<div>\n<p><a href=\"https:\/\/derechoabogados.es\/prensa\/wp-content\/uploads\/2025\/08\/pexels_pexels-photo-125532.jpeg\" target=\"_blank\" class=\"fotonota\"> <img decoding=\"async\" src=\"https:\/\/derechoabogados.es\/prensa\/wp-content\/uploads\/2025\/08\/pexels_pexels-photo-125532.jpeg\" style=\"max-width:600px;\" border=\"0\" class=\"postImage\" alt=\"Despido e incapacidad: las empresas ya no pueden extinguir el contrato por incapacidad permanente tras la reforma del Estatuto de los Trabajadores\"><\/a><\/p>\n<p>Valoira Abogados advierte de los riesgos jur\u00eddicos y reputacionales de aplicar despidos autom\u00e1ticos a personas con discapacidad tras la modificaci\u00f3n del art\u00edculo 49.1.e del Estatuto de los Trabajadores<\/p>\n<p><\/p>\n<p>En mayo 2025, se modific\u00f3 la letra e) y se a\u00f1adi\u00f3 la n) en el apartado 1 del art\u00edculo 49 del Estatuto de los Trabajadores, que hasta ahora permit\u00eda extinguir autom\u00e1ticamente el contrato de trabajo cuando un empleado era declarado en situaci\u00f3n de <strong>incapacidad permanente<\/strong>.<\/p>\n<p>Sin embargo, \u00abmuchas compa\u00f1\u00edas a\u00fan lo desconocen, y contin\u00faan aplicando una causa de extinci\u00f3n que <strong>ya no es legal<\/strong>, exponi\u00e9ndose a <strong>demandas por despido nulo<\/strong>, indemnizaciones y da\u00f1os reputacionales\u00bb, alertan desde <a href=\"https:\/\/www.valoiraabogados.com\/\" target=\"_blank\" rel=\"nofollow noopener\"><strong>Valoira Abogados<\/strong><\/a>, despacho con m\u00e1s de 30 a\u00f1os de experiencia en Derecho Laboral para empresas.<\/p>\n<p><strong>\u00bfQu\u00e9 implica este cambio para departamentos de RRHH y direcci\u00f3n?<\/strong><br \/>\nLa nueva regulaci\u00f3n exige a las empresas <strong>adaptar su modelo de gesti\u00f3n laboral<\/strong> y afrontar los casos de incapacidad de forma individualizada, valorando:<\/p>\n<ul>\n<li><strong>Posibilidades de adaptaci\u00f3n del puesto de trabajo.<\/strong><\/li>\n<li><strong>Reubicaci\u00f3n interna razonable<\/strong> con ajustes compatibles con el grado que se clasifique su incapacidad permanente.<\/li>\n<\/ul>\n<p><strong>\u00bfQu\u00e9 riesgos legales existen si se aplica mal esta nueva normativa?<\/strong><\/p>\n<ul>\n<li><strong>Despido nulo<\/strong> con obligaci\u00f3n de readmisi\u00f3n y abono de salarios de tramitaci\u00f3n.<\/li>\n<li>Posible <strong>vulneraci\u00f3n de derechos fundamentales<\/strong>, lo que agrava la responsabilidad jur\u00eddica.<\/li>\n<li>Sanciones administrativas por discriminaci\u00f3n laboral.<\/li>\n<li>Reclamaciones judiciales que pueden afectar gravemente la imagen y reputaci\u00f3n de la empresa.<\/li>\n<\/ul>\n<p><strong>\u00bfQu\u00e9 deben hacer las empresas?<\/strong><\/p>\n<ul>\n<li>Actualizar sus protocolos de actuaci\u00f3n ante situaciones de incapacidad.<\/li>\n<li>Formar a los responsables de RRHH y prevenci\u00f3n de riesgos.<\/li>\n<li>Consultar caso por caso con asesor\u00eda jur\u00eddica laboral.<\/li>\n<\/ul>\n<p><strong>Sobre Valoira Abogados<\/strong><br \/><a href=\"https:\/\/www.valoiraabogados.com\/\" target=\"_blank\" rel=\"nofollow noopener\">Valoira Abogados<\/a> es una firma de referencia en Derecho Laboral con m\u00e1s de tres d\u00e9cadas de experiencia. Con oficinas en Barcelona, Madrid y Palma de Mallorca, asesora a empresas y profesionales en todo el territorio nacional. Su enfoque combina especializaci\u00f3n jur\u00eddica, visi\u00f3n estrat\u00e9gica y acompa\u00f1amiento cercano para garantizar el cumplimiento normativo y la resoluci\u00f3n eficaz de conflictos laborales.<\/p>\n<p><img decoding=\"async\" class=\"mediakit\" src=\"https:\/\/www.comunicae.es\/notificaLectura.php?notaId=1264698&amp;tipoCanalId=218&amp;edr=1757109600000\" width=\"1px\" height=\"1px\" style=\"width:1px !important; height:1px !important;\"><\/div>\n\n\n<div class=\"kk-star-ratings kksr-auto kksr-align-right kksr-valign-bottom\"\n    data-payload='{&quot;align&quot;:&quot;right&quot;,&quot;id&quot;:&quot;7437&quot;,&quot;slug&quot;:&quot;default&quot;,&quot;valign&quot;:&quot;bottom&quot;,&quot;ignore&quot;:&quot;&quot;,&quot;reference&quot;:&quot;auto&quot;,&quot;class&quot;:&quot;&quot;,&quot;count&quot;:&quot;0&quot;,&quot;legendonly&quot;:&quot;&quot;,&quot;readonly&quot;:&quot;&quot;,&quot;score&quot;:&quot;0&quot;,&quot;starsonly&quot;:&quot;&quot;,&quot;best&quot;:&quot;5&quot;,&quot;gap&quot;:&quot;5&quot;,&quot;greet&quot;:&quot;Valore este art\u00edculo, gracias.&quot;,&quot;legend&quot;:&quot;0\\\/5 - (0 votos)&quot;,&quot;size&quot;:&quot;26&quot;,&quot;title&quot;:&quot;Despido e incapacidad: las empresas ya no pueden extinguir el contrato por incapacidad permanente tras la reforma del Estatuto de los Trabajadores&quot;,&quot;width&quot;:&quot;0&quot;,&quot;_legend&quot;:&quot;{score}\\\/{best} - ({count} {votes})&quot;,&quot;font_factor&quot;:&quot;1.25&quot;}'>\n            \n<div class=\"kksr-stars\">\n    \n<div class=\"kksr-stars-inactive\">\n            <div class=\"kksr-star\" data-star=\"1\" style=\"padding-right: 5px\">\n            \n\n<div class=\"kksr-icon\" style=\"width: 26px; height: 26px;\"><\/div>\n        <\/div>\n            <div class=\"kksr-star\" data-star=\"2\" style=\"padding-right: 5px\">\n            \n\n<div class=\"kksr-icon\" style=\"width: 26px; height: 26px;\"><\/div>\n        <\/div>\n            <div class=\"kksr-star\" data-star=\"3\" style=\"padding-right: 5px\">\n            \n\n<div class=\"kksr-icon\" style=\"width: 26px; height: 26px;\"><\/div>\n        <\/div>\n            <div class=\"kksr-star\" data-star=\"4\" style=\"padding-right: 5px\">\n            \n\n<div class=\"kksr-icon\" style=\"width: 26px; height: 26px;\"><\/div>\n        <\/div>\n            <div class=\"kksr-star\" data-star=\"5\" style=\"padding-right: 5px\">\n            \n\n<div class=\"kksr-icon\" style=\"width: 26px; height: 26px;\"><\/div>\n        <\/div>\n    <\/div>\n    \n<div class=\"kksr-stars-active\" style=\"width: 0px;\">\n            <div class=\"kksr-star\" style=\"padding-right: 5px\">\n            \n\n<div class=\"kksr-icon\" style=\"width: 26px; height: 26px;\"><\/div>\n        <\/div>\n            <div class=\"kksr-star\" style=\"padding-right: 5px\">\n            \n\n<div class=\"kksr-icon\" style=\"width: 26px; height: 26px;\"><\/div>\n        <\/div>\n            <div class=\"kksr-star\" style=\"padding-right: 5px\">\n            \n\n<div class=\"kksr-icon\" style=\"width: 26px; height: 26px;\"><\/div>\n        <\/div>\n            <div class=\"kksr-star\" style=\"padding-right: 5px\">\n            \n\n<div class=\"kksr-icon\" style=\"width: 26px; height: 26px;\"><\/div>\n        <\/div>\n            <div class=\"kksr-star\" style=\"padding-right: 5px\">\n            \n\n<div class=\"kksr-icon\" style=\"width: 26px; height: 26px;\"><\/div>\n        <\/div>\n    <\/div>\n<\/div>\n                \n\n<div class=\"kksr-legend\" style=\"font-size: 20.8px;\">\n            <span class=\"kksr-muted\">Valore este art\u00edculo, gracias.<\/span>\n    <\/div>\n    <\/div>\n","protected":false},"excerpt":{"rendered":"<p>Valoira Abogados advierte de los riesgos jur\u00eddicos y reputacionales de aplicar despidos autom\u00e1ticos a personas con discapacidad tras la modificaci\u00f3n del art\u00edculo 49.1.e del Estatuto de los Trabajadores En mayo 2025, se modific\u00f3 la letra e) y se a\u00f1adi\u00f3 la n) en el apartado 1 del art\u00edculo 49 del Estatuto de los Trabajadores, que hasta<\/p>\n","protected":false},"author":3,"featured_media":7438,"comment_status":"open","ping_status":"open","sticky":false,"template":"","format":"standard","meta":{"_jetpack_memberships_contains_paid_content":false,"footnotes":""},"categories":[53],"tags":[],"class_list":["post-7437","post","type-post","status-publish","format-standard","has-post-thumbnail","hentry","category-noticias-juridicas"],"jetpack_featured_media_url":"https:\/\/www.derechoabogados.es\/prensa\/wp-content\/uploads\/2025\/08\/pexels_pexels-photo-125532.jpeg","jetpack-related-posts":[{"id":7407,"url":"https:\/\/www.derechoabogados.es\/prensa\/toro-abogados-advierte-miles-de-trabajadores-firman-contratos-laborales-sin-que-se-reconozca-su-antiguedad-previa\/","url_meta":{"origin":7437,"position":0},"title":"Toro Abogados advierte: miles de trabajadores firman contratos laborales sin que se reconozca su antig\u00fcedad previa","author":"Agencia COMUNICAE","date":"julio 17, 2025","format":false,"excerpt":"El despacho alerta de una pr\u00e1ctica en aumento: empleados que, tras haber prestado servicios como aut\u00f3nomos o bajo f\u00f3rmulas no laborales, son contratados como asalariados sin que se les reconozca el tiempo trabajado anteriormenteToro Abogados, firma especializada en Derecho Laboral y de la Seguridad Social, ha detectado un creciente n\u00famero\u2026","rel":"","context":"En \u00abNoticias jur\u00eddicas\u00bb","block_context":{"text":"Noticias jur\u00eddicas","link":"https:\/\/www.derechoabogados.es\/prensa\/categoria\/noticias-juridicas\/"},"img":{"alt_text":"","src":"https:\/\/www.comunicae.es\/notificaLectura.php?notaId=1264868&tipoCanalId=218&edr=1754085600000","width":350,"height":200},"classes":[]},{"id":7577,"url":"https:\/\/www.derechoabogados.es\/prensa\/toro-abogados-y-la-fundacion-sandra-ibarra-se-alian-para-ofrecer-apoyo-legal-a-pacientes-y-supervivientes-de-cancer\/","url_meta":{"origin":7437,"position":1},"title":"Toro Abogados y la Fundaci\u00f3n Sandra Ibarra se al\u00edan para ofrecer apoyo legal a pacientes y supervivientes de c\u00e1ncer","author":"Agencia COMUNICAE","date":"noviembre 27, 2025","format":false,"excerpt":"Toro Abogados ha formalizado un acuerdo de colaboraci\u00f3n con la Fundaci\u00f3n Sandra Ibarra con el fin de proporcionar asistencia jur\u00eddica especializada a pacientes y supervivientes de c\u00e1ncer, as\u00ed como a sus familiares. El convenio refuerza la protecci\u00f3n legal en situaciones de especial vulnerabilidad, facilitando el acceso a servicios jur\u00eddicos adaptados\u2026","rel":"","context":"En \u00abNoticias jur\u00eddicas\u00bb","block_context":{"text":"Noticias jur\u00eddicas","link":"https:\/\/www.derechoabogados.es\/prensa\/categoria\/noticias-juridicas\/"},"img":{"alt_text":"","src":"https:\/\/www.comunicae.es\/notificaLectura.php?notaId=1268058&tipoCanalId=218&edr=1765580400000","width":350,"height":200},"classes":[]},{"id":4481,"url":"https:\/\/www.derechoabogados.es\/prensa\/que-es-un-abogado-laboralista-y-como-puede-ayudar-a-los-trabajadores-y-a-las-empresas\/","url_meta":{"origin":7437,"position":2},"title":"\u00bfQu\u00e9 es un abogado laboralista y c\u00f3mo puede ayudar a los trabajadores y a las empresas?","author":"Eugenia de Araujo | DERECHOABOGADOS Prensa","date":"noviembre 15, 2022","format":false,"excerpt":"Las relaciones laborales y los derechos de los trabajadores se rigen por el ordenamiento jur\u00eddico de la propia Constituci\u00f3n Espa\u00f1ola. La Constituci\u00f3n encomienda a los legisladores en forma de ley la promulgaci\u00f3n de legislaci\u00f3n sobre los derechos de los trabajadores. tomar\u00e1 el nombre del estatuto de los trabajadores El art\u00edculo\u2026","rel":"","context":"En \u00abActualidad\u00bb","block_context":{"text":"Actualidad","link":"https:\/\/www.derechoabogados.es\/prensa\/categoria\/actualidad\/"},"img":{"alt_text":"\u00bfQu\u00e9 es un abogado laboralista y c\u00f3mo puede ayudar a los trabajadores y a las empresas?","src":"https:\/\/i0.wp.com\/www.derechoabogados.es\/prensa\/wp-content\/uploads\/2022\/11\/Que-es-un-abogado-laboralista-y-como-puede-ayudar-a-los-trabajadores-y-a-las-empresas.jpg?resize=350%2C200&ssl=1","width":350,"height":200,"srcset":"https:\/\/i0.wp.com\/www.derechoabogados.es\/prensa\/wp-content\/uploads\/2022\/11\/Que-es-un-abogado-laboralista-y-como-puede-ayudar-a-los-trabajadores-y-a-las-empresas.jpg?resize=350%2C200&ssl=1 1x, https:\/\/i0.wp.com\/www.derechoabogados.es\/prensa\/wp-content\/uploads\/2022\/11\/Que-es-un-abogado-laboralista-y-como-puede-ayudar-a-los-trabajadores-y-a-las-empresas.jpg?resize=525%2C300&ssl=1 1.5x, https:\/\/i0.wp.com\/www.derechoabogados.es\/prensa\/wp-content\/uploads\/2022\/11\/Que-es-un-abogado-laboralista-y-como-puede-ayudar-a-los-trabajadores-y-a-las-empresas.jpg?resize=700%2C400&ssl=1 2x"},"classes":[]},{"id":7547,"url":"https:\/\/www.derechoabogados.es\/prensa\/valoira-abogados-repasa-las-obligaciones-de-comunicacion-de-bajas-medicas-y-los-riesgos-de-incumplimiento-para-empresas-y-trabajadores\/","url_meta":{"origin":7437,"position":3},"title":"Valoira Abogados repasa las obligaciones de comunicaci\u00f3n de bajas m\u00e9dicas y los riesgos de incumplimiento para empresas y trabajadores","author":"Agencia COMUNICAE","date":"noviembre 11, 2025","format":false,"excerpt":"A comienzos de este a\u00f1o, el Tribunal Superior de Justicia de Madrid (TSJ) dict\u00f3 una sentencia (23 de abril de 2025) que aclar\u00f3 un aspecto esencial en la gesti\u00f3n de bajas m\u00e9dicas: los trabajadores no est\u00e1n obligados a entregar el parte de baja en papel a la empresa, pero s\u00ed\u2026","rel":"","context":"En \u00abNoticias jur\u00eddicas\u00bb","block_context":{"text":"Noticias jur\u00eddicas","link":"https:\/\/www.derechoabogados.es\/prensa\/categoria\/noticias-juridicas\/"},"img":{"alt_text":"","src":"https:\/\/i0.wp.com\/www.derechoabogados.es\/prensa\/wp-content\/uploads\/2025\/11\/Bajas_Medicas_y_empresa_valoira_abogados_negativespace_34092-scaled.jpg?resize=350%2C200&ssl=1","width":350,"height":200,"srcset":"https:\/\/i0.wp.com\/www.derechoabogados.es\/prensa\/wp-content\/uploads\/2025\/11\/Bajas_Medicas_y_empresa_valoira_abogados_negativespace_34092-scaled.jpg?resize=350%2C200&ssl=1 1x, https:\/\/i0.wp.com\/www.derechoabogados.es\/prensa\/wp-content\/uploads\/2025\/11\/Bajas_Medicas_y_empresa_valoira_abogados_negativespace_34092-scaled.jpg?resize=525%2C300&ssl=1 1.5x, https:\/\/i0.wp.com\/www.derechoabogados.es\/prensa\/wp-content\/uploads\/2025\/11\/Bajas_Medicas_y_empresa_valoira_abogados_negativespace_34092-scaled.jpg?resize=700%2C400&ssl=1 2x, https:\/\/i0.wp.com\/www.derechoabogados.es\/prensa\/wp-content\/uploads\/2025\/11\/Bajas_Medicas_y_empresa_valoira_abogados_negativespace_34092-scaled.jpg?resize=1050%2C600&ssl=1 3x, https:\/\/i0.wp.com\/www.derechoabogados.es\/prensa\/wp-content\/uploads\/2025\/11\/Bajas_Medicas_y_empresa_valoira_abogados_negativespace_34092-scaled.jpg?resize=1400%2C800&ssl=1 4x"},"classes":[]},{"id":4455,"url":"https:\/\/www.derechoabogados.es\/prensa\/beneficios-de-contratar-un-abogado-laboralista-tras-un-despido-improcedente\/","url_meta":{"origin":7437,"position":4},"title":"Beneficios de contratar un abogado laboralista tras un despido improcedente","author":"Eugenia de Araujo | DERECHOABOGADOS Prensa","date":"octubre 3, 2022","format":false,"excerpt":"Perder un trabajo no es algo f\u00e1cil para nadie Te deja desolado y te sientes agraviado por haber sido despedido. Sin embargo, existen algunos derechos y leyes que ayudan a proteger al trabajador en caso de despido improcedente. Hay muchas formas que pueden considerarse despido improcedente y que dar\u00edan lugar\u2026","rel":"","context":"En \u00abActualidad\u00bb","block_context":{"text":"Actualidad","link":"https:\/\/www.derechoabogados.es\/prensa\/categoria\/actualidad\/"},"img":{"alt_text":"Beneficios de contratar un abogado laboralista tras un despido improcedente","src":"https:\/\/i0.wp.com\/www.derechoabogados.es\/prensa\/wp-content\/uploads\/2022\/10\/Beneficios-de-contratar-un-abogado-laboralista-tras-un-despido-improcedente.jpg?resize=350%2C200&ssl=1","width":350,"height":200,"srcset":"https:\/\/i0.wp.com\/www.derechoabogados.es\/prensa\/wp-content\/uploads\/2022\/10\/Beneficios-de-contratar-un-abogado-laboralista-tras-un-despido-improcedente.jpg?resize=350%2C200&ssl=1 1x, https:\/\/i0.wp.com\/www.derechoabogados.es\/prensa\/wp-content\/uploads\/2022\/10\/Beneficios-de-contratar-un-abogado-laboralista-tras-un-despido-improcedente.jpg?resize=525%2C300&ssl=1 1.5x, https:\/\/i0.wp.com\/www.derechoabogados.es\/prensa\/wp-content\/uploads\/2022\/10\/Beneficios-de-contratar-un-abogado-laboralista-tras-un-despido-improcedente.jpg?resize=700%2C400&ssl=1 2x"},"classes":[]},{"id":2204,"url":"https:\/\/www.derechoabogados.es\/prensa\/estrategia-tema-incapacidad-laboral-trabajo\/","url_meta":{"origin":7437,"position":5},"title":"Estrategia ante la incapacidad laboral en el trabajo","author":"Eugenia de Araujo | DERECHOABOGADOS Prensa","date":"septiembre 21, 2016","format":false,"excerpt":"Nota de Prensa: Incapacidad laboral en el trabajo, estrategias Por LMG Asociados Calle de Bravo Murillo, 257, 28020 Madrid Tel. 91 579 49 57 abogadoslmgasociados.es Hemos considerado importante dar a conocer nuestra metodolog\u00eda de trabajo por que nos diferencia, tanto en volumen de prestaciones a obtener por el cliente, como\u2026","rel":"","context":"En \u00abActualidad\u00bb","block_context":{"text":"Actualidad","link":"https:\/\/www.derechoabogados.es\/prensa\/categoria\/actualidad\/"},"img":{"alt_text":"Estrategia ante la incapacidad laboral en el trabajo","src":"https:\/\/i0.wp.com\/www.derechoabogados.es\/prensa\/wp-content\/uploads\/2016\/09\/incapacidad-laboral.jpg?resize=350%2C200&ssl=1","width":350,"height":200,"srcset":"https:\/\/i0.wp.com\/www.derechoabogados.es\/prensa\/wp-content\/uploads\/2016\/09\/incapacidad-laboral.jpg?resize=350%2C200&ssl=1 1x, https:\/\/i0.wp.com\/www.derechoabogados.es\/prensa\/wp-content\/uploads\/2016\/09\/incapacidad-laboral.jpg?resize=525%2C300&ssl=1 1.5x, https:\/\/i0.wp.com\/www.derechoabogados.es\/prensa\/wp-content\/uploads\/2016\/09\/incapacidad-laboral.jpg?resize=700%2C400&ssl=1 2x"},"classes":[]}],"jetpack_sharing_enabled":true,"_links":{"self":[{"href":"https:\/\/www.derechoabogados.es\/prensa\/wp-json\/wp\/v2\/posts\/7437","targetHints":{"allow":["GET"]}}],"collection":[{"href":"https:\/\/www.derechoabogados.es\/prensa\/wp-json\/wp\/v2\/posts"}],"about":[{"href":"https:\/\/www.derechoabogados.es\/prensa\/wp-json\/wp\/v2\/types\/post"}],"author":[{"embeddable":true,"href":"https:\/\/www.derechoabogados.es\/prensa\/wp-json\/wp\/v2\/users\/3"}],"replies":[{"embeddable":true,"href":"https:\/\/www.derechoabogados.es\/prensa\/wp-json\/wp\/v2\/comments?post=7437"}],"version-history":[{"count":0,"href":"https:\/\/www.derechoabogados.es\/prensa\/wp-json\/wp\/v2\/posts\/7437\/revisions"}],"wp:featuredmedia":[{"embeddable":true,"href":"https:\/\/www.derechoabogados.es\/prensa\/wp-json\/wp\/v2\/media\/7438"}],"wp:attachment":[{"href":"https:\/\/www.derechoabogados.es\/prensa\/wp-json\/wp\/v2\/media?parent=7437"}],"wp:term":[{"taxonomy":"category","embeddable":true,"href":"https:\/\/www.derechoabogados.es\/prensa\/wp-json\/wp\/v2\/categories?post=7437"},{"taxonomy":"post_tag","embeddable":true,"href":"https:\/\/www.derechoabogados.es\/prensa\/wp-json\/wp\/v2\/tags?post=7437"}],"curies":[{"name":"wp","href":"https:\/\/api.w.org\/{rel}","templated":true}]}}