{"id":7682,"date":"2026-02-04T15:03:24","date_gmt":"2026-02-04T15:03:24","guid":{"rendered":"https:\/\/derechoabogados.es\/prensa\/prudencia-ai-lanza-en-espana-la-ia-legal-disenada-especificamente-para-abogados-y-profesionales-del-derecho\/"},"modified":"2026-02-04T15:03:24","modified_gmt":"2026-02-04T15:03:24","slug":"prudencia-ai-lanza-en-espana-la-ia-legal-disenada-especificamente-para-abogados-y-profesionales-del-derecho","status":"publish","type":"post","link":"https:\/\/www.derechoabogados.es\/prensa\/prudencia-ai-lanza-en-espana-la-ia-legal-disenada-especificamente-para-abogados-y-profesionales-del-derecho\/","title":{"rendered":"Prudencia.ai lanza en Espa\u00f1a la IA legal dise\u00f1ada espec\u00edficamente para abogados y profesionales del Derecho"},"content":{"rendered":"<div>\n<p><a href=\"https:\/\/derechoabogados.es\/prensa\/wp-content\/uploads\/2026\/02\/1500x1000.jpg\" target=\"_blank\" class=\"fotonota\"> <img decoding=\"async\" src=\"https:\/\/derechoabogados.es\/prensa\/wp-content\/uploads\/2026\/02\/1500x1000.jpg\" style=\"max-width:600px;\" border=\"0\" class=\"postImage\" alt=\"\"><\/a><\/p>\n<p>Prudencia.ai anuncia su lanzamiento oficial en Espa\u00f1a como copiloto jur\u00eddico basado en IA, creado para abogados, despachos y departamentos legales. La plataforma, desarrollada desde la l\u00f3gica del ejercicio profesional, apoya el an\u00e1lisis de documentos, la organizaci\u00f3n de expedientes y la redacci\u00f3n jur\u00eddica bajo supervisi\u00f3n humana<\/p>\n<p><\/p>\n<p><strong><a href=\"https:\/\/prudencia.ai\/\" rel=\"nofollow noopener\" target=\"_blank\">Prudencia.ai<\/a>, la IA legal especializada frente a modelos generalistas<\/strong><br \/>\nA diferencia de las herramientas de IA de prop\u00f3sito general, Prudencia.ai ha sido creada espec\u00edficamente para el entorno jur\u00eddico. No se limita a generar respuestas autom\u00e1ticas, sino que funciona como un\u00a0<strong>copiloto legal<\/strong>\u00a0que ayuda al profesional a trabajar de forma m\u00e1s eficiente, consistente y segura.<\/p>\n<p>La plataforma permite:<\/p>\n<ul>\n<li>\n<p>Trabajar con documentaci\u00f3n propia del despacho o del cliente<\/p>\n<\/li>\n<li>\n<p>Crear\u00a0<strong>bases de conocimiento jur\u00eddicas privadas<\/strong><\/p>\n<\/li>\n<li>\n<p>Reutilizar criterios legales internos<\/p>\n<\/li>\n<li>\n<p>Reducir el tiempo dedicado a tareas repetitivas, mejorando la\u00a0<strong>productividad del abogado<\/strong><\/p>\n<\/li>\n<\/ul>\n<p>Este enfoque responde a una demanda creciente en el mercado de\u00a0<strong>IA legal para abogados<\/strong>, donde la rapidez ya no es suficiente si no va acompa\u00f1ada de trazabilidad y control del riesgo.<\/p>\n<p><strong>Cumplimiento normativo y enfoque europeo<\/strong><br \/>\nPrudencia.ai ha sido desarrollada conforme al\u00a0<strong>marco regulatorio europeo<\/strong>, incorporando desde su dise\u00f1o medidas de\u00a0<strong>cifrado, anonimizaci\u00f3n de documentos y control de accesos<\/strong>, en l\u00ednea con el Reglamento General de Protecci\u00f3n de Datos (RGPD) y las exigencias del\u00a0<strong>AI Act europeo<\/strong>.<\/p>\n<p>Este enfoque permite a los profesionales del Derecho utilizar inteligencia artificial de forma responsable, alineada con las\u00a0<strong>buenas pr\u00e1cticas en el uso de la IA jur\u00eddica<\/strong>\u00a0y con las advertencias recientes de tribunales y colegios profesionales sobre el uso acr\u00edtico de herramientas automatizadas.<\/p>\n<p><strong>Lanzamiento con acceso gratuito limitado<\/strong><br \/>\nEl lanzamiento de Prudencia.ai incluye un\u00a0<strong>acceso gratuito limitado para los primeros usuarios registrados<\/strong>, permitiendo a abogados y profesionales legales probar la herramienta antes de contratar planes de pago.<\/p>\n<p>La compa\u00f1\u00eda prev\u00e9 ampliar progresivamente el alcance de la plataforma, incorporando tambi\u00e9n a\u00a0<strong>departamentos legales internos de pymes<\/strong>, donde la necesidad de apoyo jur\u00eddico eficiente y seguro es cada vez mayor.<\/p>\n<p><strong>Un proyecto liderado por expertos en Derecho e inteligencia artificial<\/strong><br \/>\nPrudencia.ai ha sido fundada por\u00a0<a href=\"https:\/\/www.linkedin.com\/in\/carlosg7\/\" rel=\"nofollow noopener\" target=\"_blank\"><strong>Carlos Guerrero<\/strong><\/a>, abogado mercantil y concursal con m\u00e1s de 20 a\u00f1os de experiencia en el sector legal y en proyectos legaltech, junto a\u00a0<a href=\"https:\/\/www.linkedin.com\/in\/jaumebosch\/\" rel=\"nofollow noopener\" target=\"_blank\"><strong>Jaume Bosch<\/strong><\/a>, socio y CTO del proyecto, especialista en inteligencia artificial con m\u00e1s de 25 a\u00f1os de trayectoria tecnol\u00f3gica.<\/p>\n<p>La combinaci\u00f3n de experiencia jur\u00eddica y conocimiento t\u00e9cnico ha sido clave para desarrollar una soluci\u00f3n de\u00a0<strong>IA legal en Espa\u00f1a<\/strong>\u00a0orientada a la pr\u00e1ctica real del Derecho.<\/p>\n<p><img decoding=\"async\" class=\"mediakit\" src=\"https:\/\/www.comunicae.es\/notificaLectura.php?notaId=1269584&amp;tipoCanalId=218&amp;edr=1771542000000\" width=\"1px\" height=\"1px\" style=\"width:1px !important; height:1px !important;\"><\/div>\n\n\n<div class=\"kk-star-ratings kksr-auto kksr-align-right kksr-valign-bottom\"\n    data-payload='{&quot;align&quot;:&quot;right&quot;,&quot;id&quot;:&quot;7682&quot;,&quot;slug&quot;:&quot;default&quot;,&quot;valign&quot;:&quot;bottom&quot;,&quot;ignore&quot;:&quot;&quot;,&quot;reference&quot;:&quot;auto&quot;,&quot;class&quot;:&quot;&quot;,&quot;count&quot;:&quot;0&quot;,&quot;legendonly&quot;:&quot;&quot;,&quot;readonly&quot;:&quot;&quot;,&quot;score&quot;:&quot;0&quot;,&quot;starsonly&quot;:&quot;&quot;,&quot;best&quot;:&quot;5&quot;,&quot;gap&quot;:&quot;5&quot;,&quot;greet&quot;:&quot;Valore este art\u00edculo, gracias.&quot;,&quot;legend&quot;:&quot;0\\\/5 - (0 votos)&quot;,&quot;size&quot;:&quot;26&quot;,&quot;title&quot;:&quot;Prudencia.ai lanza en Espa\u00f1a la IA legal dise\u00f1ada espec\u00edficamente para abogados y profesionales del Derecho&quot;,&quot;width&quot;:&quot;0&quot;,&quot;_legend&quot;:&quot;{score}\\\/{best} - ({count} {votes})&quot;,&quot;font_factor&quot;:&quot;1.25&quot;}'>\n            \n<div class=\"kksr-stars\">\n    \n<div class=\"kksr-stars-inactive\">\n            <div class=\"kksr-star\" data-star=\"1\" style=\"padding-right: 5px\">\n            \n\n<div class=\"kksr-icon\" style=\"width: 26px; height: 26px;\"><\/div>\n        <\/div>\n            <div class=\"kksr-star\" data-star=\"2\" style=\"padding-right: 5px\">\n            \n\n<div class=\"kksr-icon\" style=\"width: 26px; height: 26px;\"><\/div>\n        <\/div>\n            <div class=\"kksr-star\" data-star=\"3\" style=\"padding-right: 5px\">\n            \n\n<div class=\"kksr-icon\" style=\"width: 26px; height: 26px;\"><\/div>\n        <\/div>\n            <div class=\"kksr-star\" data-star=\"4\" style=\"padding-right: 5px\">\n            \n\n<div class=\"kksr-icon\" style=\"width: 26px; height: 26px;\"><\/div>\n        <\/div>\n            <div class=\"kksr-star\" data-star=\"5\" style=\"padding-right: 5px\">\n            \n\n<div class=\"kksr-icon\" style=\"width: 26px; height: 26px;\"><\/div>\n        <\/div>\n    <\/div>\n    \n<div class=\"kksr-stars-active\" style=\"width: 0px;\">\n            <div class=\"kksr-star\" style=\"padding-right: 5px\">\n            \n\n<div class=\"kksr-icon\" style=\"width: 26px; height: 26px;\"><\/div>\n        <\/div>\n            <div class=\"kksr-star\" style=\"padding-right: 5px\">\n            \n\n<div class=\"kksr-icon\" style=\"width: 26px; height: 26px;\"><\/div>\n        <\/div>\n            <div class=\"kksr-star\" style=\"padding-right: 5px\">\n            \n\n<div class=\"kksr-icon\" style=\"width: 26px; height: 26px;\"><\/div>\n        <\/div>\n            <div class=\"kksr-star\" style=\"padding-right: 5px\">\n            \n\n<div class=\"kksr-icon\" style=\"width: 26px; height: 26px;\"><\/div>\n        <\/div>\n            <div class=\"kksr-star\" style=\"padding-right: 5px\">\n            \n\n<div class=\"kksr-icon\" style=\"width: 26px; height: 26px;\"><\/div>\n        <\/div>\n    <\/div>\n<\/div>\n                \n\n<div class=\"kksr-legend\" style=\"font-size: 20.8px;\">\n            <span class=\"kksr-muted\">Valore este art\u00edculo, gracias.<\/span>\n    <\/div>\n    <\/div>\n","protected":false},"excerpt":{"rendered":"<p>Prudencia.ai anuncia su lanzamiento oficial en Espa\u00f1a como copiloto jur\u00eddico basado en IA, creado para abogados, despachos y departamentos legales. La plataforma, desarrollada desde la l\u00f3gica del ejercicio profesional, apoya el an\u00e1lisis de documentos, la organizaci\u00f3n de expedientes y la redacci\u00f3n jur\u00eddica bajo supervisi\u00f3n humana Prudencia.ai, la IA legal especializada frente a modelos generalistas A<\/p>\n","protected":false},"author":3,"featured_media":7683,"comment_status":"open","ping_status":"open","sticky":false,"template":"","format":"standard","meta":{"_jetpack_memberships_contains_paid_content":false,"footnotes":""},"categories":[53],"tags":[],"class_list":["post-7682","post","type-post","status-publish","format-standard","has-post-thumbnail","hentry","category-noticias-juridicas"],"jetpack_featured_media_url":"https:\/\/www.derechoabogados.es\/prensa\/wp-content\/uploads\/2026\/02\/1500x1000.jpg","jetpack-related-posts":[{"id":7734,"url":"https:\/\/www.derechoabogados.es\/prensa\/mas-de-1-000-usuarios-en-un-mes-prudencia-ai-impulsa-ia-juridica-en-espana-con-seguridad-y-cumplimiento\/","url_meta":{"origin":7682,"position":0},"title":"M\u00e1s de 1.000 usuarios en un mes: Prudencia.ai impulsa IA jur\u00eddica en Espa\u00f1a con seguridad y cumplimiento","author":"Agencia COMUNICAE","date":"marzo 5, 2026","format":false,"excerpt":"La plataforma de IA jur\u00eddica Prudencia.ai supera los 1.000 usuarios en solo un mes y se consolida como una de las soluciones de IA para abogados y profesionales del Derecho con mayor crecimiento en Espa\u00f1aLa adopci\u00f3n de\u00a0IA jur\u00eddica en Espa\u00f1a\u00a0avanza a gran velocidad. En apenas un mes desde su lanzamiento,\u00a0Prudencia.ai,\u2026","rel":"","context":"En \u00abNoticias jur\u00eddicas\u00bb","block_context":{"text":"Noticias jur\u00eddicas","link":"https:\/\/www.derechoabogados.es\/prensa\/categoria\/noticias-juridicas\/"},"img":{"alt_text":"","src":"https:\/\/www.comunicae.es\/notificaLectura.php?notaId=1270188&tipoCanalId=218&edr=1773961200000","width":350,"height":200},"classes":[]},{"id":6835,"url":"https:\/\/www.derechoabogados.es\/prensa\/impacto-de-la-inteligencia-artificial-en-el-derecho\/","url_meta":{"origin":7682,"position":1},"title":"Impacto de la Inteligencia Artificial en el derecho","author":"Eugenia de Araujo | DERECHOABOGADOS Prensa","date":"agosto 28, 2024","format":false,"excerpt":"Desaf\u00edos y oportunidades en el contexto del derecho digital y la ciberseguridad La\u00a0Inteligencia Artificial (IA)\u00a0ha emergido como una fuerza transformadora en una variedad de industrias, y el derecho no es una excepci\u00f3n. Con su capacidad para analizar grandes vol\u00famenes de datos, automatizar tareas repetitivas y aprender de patrones, la IA\u2026","rel":"","context":"En \u00abActualidad\u00bb","block_context":{"text":"Actualidad","link":"https:\/\/www.derechoabogados.es\/prensa\/categoria\/actualidad\/"},"img":{"alt_text":"Impacto de la Inteligencia Artificial en el derecho","src":"https:\/\/i0.wp.com\/www.derechoabogados.es\/prensa\/wp-content\/uploads\/2024\/08\/Impacto-de-la-Inteligencia-Artificial-en-el-derecho.jpg?resize=350%2C200&ssl=1","width":350,"height":200,"srcset":"https:\/\/i0.wp.com\/www.derechoabogados.es\/prensa\/wp-content\/uploads\/2024\/08\/Impacto-de-la-Inteligencia-Artificial-en-el-derecho.jpg?resize=350%2C200&ssl=1 1x, https:\/\/i0.wp.com\/www.derechoabogados.es\/prensa\/wp-content\/uploads\/2024\/08\/Impacto-de-la-Inteligencia-Artificial-en-el-derecho.jpg?resize=525%2C300&ssl=1 1.5x, https:\/\/i0.wp.com\/www.derechoabogados.es\/prensa\/wp-content\/uploads\/2024\/08\/Impacto-de-la-Inteligencia-Artificial-en-el-derecho.jpg?resize=700%2C400&ssl=1 2x"},"classes":[]},{"id":7795,"url":"https:\/\/www.derechoabogados.es\/prensa\/wolters-kluwer-publica-el-informe-de-la-encuesta-future-ready-lawyer-2026-que-destaca-el-rapido-avance-de-la-ia-y-el-cambio-en-las-dinamicas-de-poder\/","url_meta":{"origin":7682,"position":2},"title":"Wolters Kluwer publica el Informe de la Encuesta Future Ready Lawyer 2026, que destaca el r\u00e1pido avance de la IA y el cambio en las din\u00e1micas de poder","author":"Agencia COMUNICAE","date":"marzo 17, 2026","format":false,"excerpt":"La encuesta global a profesionales jur\u00eddicos revela un fuerte impulso en la inversi\u00f3n en IA y en la transformaci\u00f3n de los flujos de trabajoWolters Kluwer Legal & Regulatory ha publicado los resultados de su encuesta global Future Ready Lawyer 2026, la principal fuente de informaci\u00f3n de abogados de despachos y\u2026","rel":"","context":"En \u00abNoticias jur\u00eddicas\u00bb","block_context":{"text":"Noticias jur\u00eddicas","link":"https:\/\/www.derechoabogados.es\/prensa\/categoria\/noticias-juridicas\/"},"img":{"alt_text":"","src":"https:\/\/i0.wp.com\/www.derechoabogados.es\/prensa\/wp-content\/uploads\/2026\/03\/rafiki-do-FRL-2026-MRKT-13404-3840x1440px-v2-6-scaled.jpg?resize=350%2C200&ssl=1","width":350,"height":200,"srcset":"https:\/\/i0.wp.com\/www.derechoabogados.es\/prensa\/wp-content\/uploads\/2026\/03\/rafiki-do-FRL-2026-MRKT-13404-3840x1440px-v2-6-scaled.jpg?resize=350%2C200&ssl=1 1x, https:\/\/i0.wp.com\/www.derechoabogados.es\/prensa\/wp-content\/uploads\/2026\/03\/rafiki-do-FRL-2026-MRKT-13404-3840x1440px-v2-6-scaled.jpg?resize=525%2C300&ssl=1 1.5x, https:\/\/i0.wp.com\/www.derechoabogados.es\/prensa\/wp-content\/uploads\/2026\/03\/rafiki-do-FRL-2026-MRKT-13404-3840x1440px-v2-6-scaled.jpg?resize=700%2C400&ssl=1 2x, https:\/\/i0.wp.com\/www.derechoabogados.es\/prensa\/wp-content\/uploads\/2026\/03\/rafiki-do-FRL-2026-MRKT-13404-3840x1440px-v2-6-scaled.jpg?resize=1050%2C600&ssl=1 3x, https:\/\/i0.wp.com\/www.derechoabogados.es\/prensa\/wp-content\/uploads\/2026\/03\/rafiki-do-FRL-2026-MRKT-13404-3840x1440px-v2-6-scaled.jpg?resize=1400%2C800&ssl=1 4x"},"classes":[]},{"id":7530,"url":"https:\/\/www.derechoabogados.es\/prensa\/lefebvre-incorpora-nuevas-funcionalidades-de-ia-en-genia-l-que-transforman-el-trabajo-juridico\/","url_meta":{"origin":7682,"position":3},"title":"Lefebvre incorpora nuevas funcionalidades de IA en GenIA-L que transforman el trabajo jur\u00eddico","author":"Agencia COMUNICAE","date":"octubre 31, 2025","format":false,"excerpt":"La nueva versi\u00f3n de la soluci\u00f3n de inteligencia artificial generativa de Lefebvre unifica en un solo chat todas las tareas jur\u00eddicas, incorpora una metodolog\u00eda mejorada de trabajo con la Doctrina Administrativa y workflows legales que simplifican la complejidad a la que se enfrenta el profesional jur\u00eddicoLefebvre, compa\u00f1\u00eda l\u00edder en contenido\u2026","rel":"","context":"En \u00abNoticias jur\u00eddicas\u00bb","block_context":{"text":"Noticias jur\u00eddicas","link":"https:\/\/www.derechoabogados.es\/prensa\/categoria\/noticias-juridicas\/"},"img":{"alt_text":"","src":"https:\/\/i0.wp.com\/www.derechoabogados.es\/prensa\/wp-content\/uploads\/2025\/10\/Jos_ngel_Sandin_CEO_de_Lefebvre_HR-scaled.jpg?resize=350%2C200&ssl=1","width":350,"height":200,"srcset":"https:\/\/i0.wp.com\/www.derechoabogados.es\/prensa\/wp-content\/uploads\/2025\/10\/Jos_ngel_Sandin_CEO_de_Lefebvre_HR-scaled.jpg?resize=350%2C200&ssl=1 1x, https:\/\/i0.wp.com\/www.derechoabogados.es\/prensa\/wp-content\/uploads\/2025\/10\/Jos_ngel_Sandin_CEO_de_Lefebvre_HR-scaled.jpg?resize=525%2C300&ssl=1 1.5x, https:\/\/i0.wp.com\/www.derechoabogados.es\/prensa\/wp-content\/uploads\/2025\/10\/Jos_ngel_Sandin_CEO_de_Lefebvre_HR-scaled.jpg?resize=700%2C400&ssl=1 2x, https:\/\/i0.wp.com\/www.derechoabogados.es\/prensa\/wp-content\/uploads\/2025\/10\/Jos_ngel_Sandin_CEO_de_Lefebvre_HR-scaled.jpg?resize=1050%2C600&ssl=1 3x, https:\/\/i0.wp.com\/www.derechoabogados.es\/prensa\/wp-content\/uploads\/2025\/10\/Jos_ngel_Sandin_CEO_de_Lefebvre_HR-scaled.jpg?resize=1400%2C800&ssl=1 4x"},"classes":[]},{"id":7653,"url":"https:\/\/www.derechoabogados.es\/prensa\/wolters-kluwer-presenta-su-informe-de-2026-sobre-los-despachos-de-abogados\/","url_meta":{"origin":7682,"position":4},"title":"Wolters Kluwer presenta su Informe de 2026 sobre los Despachos de Abogados","author":"Agencia COMUNICAE","date":"enero 23, 2026","format":false,"excerpt":"Tecnolog\u00eda, rentabilidad y crecimiento: una mirada a los despachos de abogados en Espa\u00f1a y en EuropaWolters Kluwer Legal Software ha publicado los resultados de su primer informe europeo dedicado a los despachos de abogados, que abarca Alemania, B\u00e9lgica, Espa\u00f1a, Francia, Italia y Pa\u00edses Bajos. Elaborado a partir de m\u00e1s de\u2026","rel":"","context":"En \u00abNoticias jur\u00eddicas\u00bb","block_context":{"text":"Noticias jur\u00eddicas","link":"https:\/\/www.derechoabogados.es\/prensa\/categoria\/noticias-juridicas\/"},"img":{"alt_text":"","src":"https:\/\/www.comunicae.es\/notificaLectura.php?notaId=1269324&tipoCanalId=218&edr=1770505200000","width":350,"height":200},"classes":[]}],"jetpack_sharing_enabled":true,"_links":{"self":[{"href":"https:\/\/www.derechoabogados.es\/prensa\/wp-json\/wp\/v2\/posts\/7682","targetHints":{"allow":["GET"]}}],"collection":[{"href":"https:\/\/www.derechoabogados.es\/prensa\/wp-json\/wp\/v2\/posts"}],"about":[{"href":"https:\/\/www.derechoabogados.es\/prensa\/wp-json\/wp\/v2\/types\/post"}],"author":[{"embeddable":true,"href":"https:\/\/www.derechoabogados.es\/prensa\/wp-json\/wp\/v2\/users\/3"}],"replies":[{"embeddable":true,"href":"https:\/\/www.derechoabogados.es\/prensa\/wp-json\/wp\/v2\/comments?post=7682"}],"version-history":[{"count":0,"href":"https:\/\/www.derechoabogados.es\/prensa\/wp-json\/wp\/v2\/posts\/7682\/revisions"}],"wp:featuredmedia":[{"embeddable":true,"href":"https:\/\/www.derechoabogados.es\/prensa\/wp-json\/wp\/v2\/media\/7683"}],"wp:attachment":[{"href":"https:\/\/www.derechoabogados.es\/prensa\/wp-json\/wp\/v2\/media?parent=7682"}],"wp:term":[{"taxonomy":"category","embeddable":true,"href":"https:\/\/www.derechoabogados.es\/prensa\/wp-json\/wp\/v2\/categories?post=7682"},{"taxonomy":"post_tag","embeddable":true,"href":"https:\/\/www.derechoabogados.es\/prensa\/wp-json\/wp\/v2\/tags?post=7682"}],"curies":[{"name":"wp","href":"https:\/\/api.w.org\/{rel}","templated":true}]}}