{"id":7784,"date":"2026-03-11T12:51:02","date_gmt":"2026-03-11T12:51:02","guid":{"rendered":"https:\/\/www.derechoabogados.es\/prensa\/autonomos-pymes-asesoria-online-s-l-p-mas-de-3-600-empresas-constituidas-en-15-anos\/"},"modified":"2026-03-11T12:51:02","modified_gmt":"2026-03-11T12:51:02","slug":"autonomos-pymes-asesoria-online-s-l-p-mas-de-3-600-empresas-constituidas-en-15-anos","status":"publish","type":"post","link":"https:\/\/www.derechoabogados.es\/prensa\/autonomos-pymes-asesoria-online-s-l-p-mas-de-3-600-empresas-constituidas-en-15-anos\/","title":{"rendered":"Aut\u00f3nomos Pymes Asesor\u00eda Online S.L.P.: m\u00e1s de 3.600 empresas constituidas en 15 a\u00f1os"},"content":{"rendered":"<div>\n<p><a href=\"https:\/\/www.derechoabogados.es\/prensa\/wp-content\/uploads\/2026\/03\/logoAPGOOGLE.jpg\" target=\"_blank\" class=\"fotonota\"> <img decoding=\"async\" src=\"https:\/\/www.derechoabogados.es\/prensa\/wp-content\/uploads\/2026\/03\/logoAPGOOGLE.jpg\" style=\"max-width:600px;\" border=\"0\" class=\"postImage\" alt=\"\"><\/a><\/p>\n<p>Aut\u00f3nomos Pymes Asesor\u00eda Online S.L.P. celebra este a\u00f1o el 15\u00ba aniversario de su constituci\u00f3n como sociedad profesional limitada, consolid\u00e1ndose como una firma de referencia en Espa\u00f1a en el \u00e1mbito del asesoramiento profesional para la creaci\u00f3n de empresas, as\u00ed como en servicios fiscales, contables, laborales y mercantiles dirigidos a aut\u00f3nomos, pymes y emprendedores<\/p>\n<p><\/p>\n<p>La compa\u00f1\u00eda,\u00a0desde 2012 y hasta marzo de 2026, ha tramitado <strong>3.671 sociedades limitadas<\/strong> a trav\u00e9s del sistema telem\u00e1tico CIRCE en Espa\u00f1a, una cifra que refleja tanto la confianza depositada por miles de emprendedores como la capacidad de la firma para ofrecer un servicio especializado, \u00e1gil y jur\u00eddicamente seguro en uno de los momentos m\u00e1s decisivos de cualquier proyecto empresarial: su nacimiento.<\/p>\n<p>Solo en <strong>2025<\/strong>, Aut\u00f3nomos Pymes Asesor\u00eda Online S.L.P. llev\u00f3 a cabo <strong>365 tr\u00e1mites de constituci\u00f3n de sociedades limitadas<\/strong>, lo que represent\u00f3 el <strong>1,52 % del total nacional<\/strong> de las altas telem\u00e1ticas de este tipo realizadas en Espa\u00f1a mediante la plataforma de CIRCE. Este dato pone de relieve la relevancia alcanzada por la firma dentro del ecosistema emprendedor nacional y su posici\u00f3n destacada en la tramitaci\u00f3n de nuevas iniciativas empresariales.<\/p>\n<blockquote>\n<p>Uno de los elementos m\u00e1s significativos de esta trayectoria ha sido la decisi\u00f3n de la empresa de <strong>mantener invariable durante 15 a\u00f1os el precio de su asesoramiento profesional para <a href=\"https:\/\/www.autonomospymes.com\/crear-una-empresa\/\" rel=\"nofollow noopener\" target=\"_blank\">crear una SL<\/a><\/strong>, fijado en <strong>290 euros m\u00e1s IVA<\/strong>, incluyendo los gastos de constituci\u00f3n conforme a los aranceles reducidos legalmente vigentes. En un contexto marcado por el incremento generalizado de costes, esta pol\u00edtica expresa de forma clara el compromiso social de la firma con los emprendedores y su voluntad de seguir facilitando el acceso a un asesoramiento profesional de calidad, riguroso y asequible.<\/p>\n<\/blockquote>\n<p>La propuesta de valor de la empresa se ha basado desde sus inicios en una combinaci\u00f3n de <strong>especializaci\u00f3n profesional, atenci\u00f3n personalizada y agilidad operativa<\/strong>. El proceso de asesoramiento para la constituci\u00f3n de una SL se desarrolla con acompa\u00f1amiento experto: desde el an\u00e1lisis inicial de la forma jur\u00eddica m\u00e1s adecuada, la preparaci\u00f3n de la documentaci\u00f3n necesaria y la tramitaci\u00f3n telem\u00e1tica.<\/p>\n<p>A lo largo de estos quince a\u00f1os, la firma no solo ha destacado por su actividad en la creaci\u00f3n de empresas. Aut\u00f3nomos Pymes Asesor\u00eda Online S.L.P. presta adem\u00e1s un amplio cat\u00e1logo de servicios profesionales vinculados al d\u00eda a d\u00eda de aut\u00f3nomos y pymes, entre ellos el <strong>asesoramiento fiscal, contable, laboral y mercantil<\/strong>, la gesti\u00f3n de obligaciones tributarias y societarias, el acompa\u00f1amiento recurrente a empresas en sus distintas etapas de crecimiento y otros servicios especializados orientados a reforzar la eficiencia en la gesti\u00f3n empresarial.<\/p>\n<p>En esta nueva etapa, la compa\u00f1\u00eda mira tambi\u00e9n al futuro con una apuesta decidida por la innovaci\u00f3n. En este marco, destaca la incorporaci\u00f3n de soluciones de <strong>inteligencia artificial aplicada al \u00e1mbito empresarial y profesional<\/strong> a trav\u00e9s de <a href=\"https:\/\/synepsia.ai\/\" rel=\"nofollow noopener\" target=\"_blank\"><strong>Synepsia Artificial Intelligence S.L.<\/strong><\/a>, entidad vinculada al desarrollo de asistentes inteligentes y herramientas avanzadas orientadas a mejorar el acceso al conocimiento, optimizar procesos y ampliar las capacidades de asesoramiento y soporte que demandan las empresas en el nuevo entorno digital.<\/p>\n<p>Con este aniversario, <strong>Aut\u00f3nomos Pymes Asesor\u00eda Online S.L.P.<\/strong> reafirma una l\u00ednea de trabajo construida sobre tres pilares: <strong>experiencia, compromiso y evoluci\u00f3n constante<\/strong>. Quince a\u00f1os despu\u00e9s de su creaci\u00f3n, la firma contin\u00faa acompa\u00f1ando a emprendedores y empresas con la misma vocaci\u00f3n de servicio, el mismo rigor profesional y una visi\u00f3n adaptada a los nuevos retos del tejido empresarial espa\u00f1ol.<\/p>\n<p><img decoding=\"async\" class=\"mediakit\" src=\"https:\/\/www.comunicae.es\/notificaLectura.php?notaId=1270466&amp;tipoCanalId=218&amp;edr=1774566000000\" width=\"1px\" height=\"1px\" style=\"width:1px !important; height:1px !important;\"><\/div>\n\n\n<div class=\"kk-star-ratings kksr-auto kksr-align-right kksr-valign-bottom\"\n    data-payload='{&quot;align&quot;:&quot;right&quot;,&quot;id&quot;:&quot;7784&quot;,&quot;slug&quot;:&quot;default&quot;,&quot;valign&quot;:&quot;bottom&quot;,&quot;ignore&quot;:&quot;&quot;,&quot;reference&quot;:&quot;auto&quot;,&quot;class&quot;:&quot;&quot;,&quot;count&quot;:&quot;0&quot;,&quot;legendonly&quot;:&quot;&quot;,&quot;readonly&quot;:&quot;&quot;,&quot;score&quot;:&quot;0&quot;,&quot;starsonly&quot;:&quot;&quot;,&quot;best&quot;:&quot;5&quot;,&quot;gap&quot;:&quot;5&quot;,&quot;greet&quot;:&quot;Valore este art\u00edculo, gracias.&quot;,&quot;legend&quot;:&quot;0\\\/5 - (0 votos)&quot;,&quot;size&quot;:&quot;26&quot;,&quot;title&quot;:&quot;Aut\u00f3nomos Pymes Asesor\u00eda Online S.L.P.: m\u00e1s de 3.600 empresas constituidas en 15 a\u00f1os&quot;,&quot;width&quot;:&quot;0&quot;,&quot;_legend&quot;:&quot;{score}\\\/{best} - ({count} {votes})&quot;,&quot;font_factor&quot;:&quot;1.25&quot;}'>\n            \n<div class=\"kksr-stars\">\n    \n<div class=\"kksr-stars-inactive\">\n            <div class=\"kksr-star\" data-star=\"1\" style=\"padding-right: 5px\">\n            \n\n<div class=\"kksr-icon\" style=\"width: 26px; height: 26px;\"><\/div>\n        <\/div>\n            <div class=\"kksr-star\" data-star=\"2\" style=\"padding-right: 5px\">\n            \n\n<div class=\"kksr-icon\" style=\"width: 26px; height: 26px;\"><\/div>\n        <\/div>\n            <div class=\"kksr-star\" data-star=\"3\" style=\"padding-right: 5px\">\n            \n\n<div class=\"kksr-icon\" style=\"width: 26px; height: 26px;\"><\/div>\n        <\/div>\n            <div class=\"kksr-star\" data-star=\"4\" style=\"padding-right: 5px\">\n            \n\n<div class=\"kksr-icon\" style=\"width: 26px; height: 26px;\"><\/div>\n        <\/div>\n            <div class=\"kksr-star\" data-star=\"5\" style=\"padding-right: 5px\">\n            \n\n<div class=\"kksr-icon\" style=\"width: 26px; height: 26px;\"><\/div>\n        <\/div>\n    <\/div>\n    \n<div class=\"kksr-stars-active\" style=\"width: 0px;\">\n            <div class=\"kksr-star\" style=\"padding-right: 5px\">\n            \n\n<div class=\"kksr-icon\" style=\"width: 26px; height: 26px;\"><\/div>\n        <\/div>\n            <div class=\"kksr-star\" style=\"padding-right: 5px\">\n            \n\n<div class=\"kksr-icon\" style=\"width: 26px; height: 26px;\"><\/div>\n        <\/div>\n            <div class=\"kksr-star\" style=\"padding-right: 5px\">\n            \n\n<div class=\"kksr-icon\" style=\"width: 26px; height: 26px;\"><\/div>\n        <\/div>\n            <div class=\"kksr-star\" style=\"padding-right: 5px\">\n            \n\n<div class=\"kksr-icon\" style=\"width: 26px; height: 26px;\"><\/div>\n        <\/div>\n            <div class=\"kksr-star\" style=\"padding-right: 5px\">\n            \n\n<div class=\"kksr-icon\" style=\"width: 26px; height: 26px;\"><\/div>\n        <\/div>\n    <\/div>\n<\/div>\n                \n\n<div class=\"kksr-legend\" style=\"font-size: 20.8px;\">\n            <span class=\"kksr-muted\">Valore este art\u00edculo, gracias.<\/span>\n    <\/div>\n    <\/div>\n","protected":false},"excerpt":{"rendered":"<p>Aut\u00f3nomos Pymes Asesor\u00eda Online S.L.P. celebra este a\u00f1o el 15\u00ba aniversario de su constituci\u00f3n como sociedad profesional limitada, consolid\u00e1ndose como una firma de referencia en Espa\u00f1a en el \u00e1mbito del asesoramiento profesional para la creaci\u00f3n de empresas, as\u00ed como en servicios fiscales, contables, laborales y mercantiles dirigidos a aut\u00f3nomos, pymes y emprendedores La compa\u00f1\u00eda,\u00a0desde 2012<\/p>\n","protected":false},"author":3,"featured_media":7785,"comment_status":"open","ping_status":"open","sticky":false,"template":"","format":"standard","meta":{"_jetpack_memberships_contains_paid_content":false,"footnotes":""},"categories":[53],"tags":[],"class_list":["post-7784","post","type-post","status-publish","format-standard","has-post-thumbnail","hentry","category-noticias-juridicas"],"jetpack_featured_media_url":"https:\/\/www.derechoabogados.es\/prensa\/wp-content\/uploads\/2026\/03\/logoAPGOOGLE.jpg","jetpack-related-posts":[{"id":7521,"url":"https:\/\/www.derechoabogados.es\/prensa\/asesoria-orihuela-costa-estrena-nueva-web-al-servicio-de-autonomos-pymes-y-particulares\/","url_meta":{"origin":7784,"position":0},"title":"Asesor\u00eda Orihuela Costa estrena nueva web al servicio de aut\u00f3nomos, PYMES y particulares","author":"Agencia COMUNICAE","date":"octubre 30, 2025","format":false,"excerpt":"La empresa reafirma su compromiso de adaptarse a los tiempos y acompa\u00f1ar a sus clientes con soluciones integrales y una visi\u00f3n moderna en el asesoramiento jur\u00eddico y fiscal profesionalAsesor\u00eda Orihuela Costa da un paso decisivo en su estrategia de transformaci\u00f3n digital con el lanzamiento de su nueva p\u00e1gina web corporativa\u2026","rel":"","context":"En \u00abNoticias jur\u00eddicas\u00bb","block_context":{"text":"Noticias jur\u00eddicas","link":"https:\/\/www.derechoabogados.es\/prensa\/categoria\/noticias-juridicas\/"},"img":{"alt_text":"","src":"https:\/\/i0.wp.com\/www.derechoabogados.es\/prensa\/wp-content\/uploads\/2025\/10\/asesoria_orihuela_costa.png?resize=350%2C200&ssl=1","width":350,"height":200,"srcset":"https:\/\/i0.wp.com\/www.derechoabogados.es\/prensa\/wp-content\/uploads\/2025\/10\/asesoria_orihuela_costa.png?resize=350%2C200&ssl=1 1x, https:\/\/i0.wp.com\/www.derechoabogados.es\/prensa\/wp-content\/uploads\/2025\/10\/asesoria_orihuela_costa.png?resize=525%2C300&ssl=1 1.5x, https:\/\/i0.wp.com\/www.derechoabogados.es\/prensa\/wp-content\/uploads\/2025\/10\/asesoria_orihuela_costa.png?resize=700%2C400&ssl=1 2x, https:\/\/i0.wp.com\/www.derechoabogados.es\/prensa\/wp-content\/uploads\/2025\/10\/asesoria_orihuela_costa.png?resize=1050%2C600&ssl=1 3x, https:\/\/i0.wp.com\/www.derechoabogados.es\/prensa\/wp-content\/uploads\/2025\/10\/asesoria_orihuela_costa.png?resize=1400%2C800&ssl=1 4x"},"classes":[]},{"id":7581,"url":"https:\/\/www.derechoabogados.es\/prensa\/book-consulting-tres-decadas-de-asesoramiento-integral-para-autonomos-y-pymes-en-el-pais-vasco\/","url_meta":{"origin":7784,"position":1},"title":"Book Consulting, tres d\u00e9cadas de asesoramiento integral para aut\u00f3nomos y pymes en el Pa\u00eds Vasco","author":"Agencia COMUNICAE","date":"noviembre 28, 2025","format":false,"excerpt":"La asesor\u00eda bilba\u00edna refuerza su apuesta por la excelencia en servicios laborales, consultor\u00eda empresarial y jur\u00eddica, combinando 30 a\u00f1os de experiencia con innovaci\u00f3n adaptada a cada clienteBook Consulting, asesor\u00eda con m\u00e1s de 30 a\u00f1os de trayectoria en Bilbao, consolida su posici\u00f3n como referente en asesoramiento integral para aut\u00f3nomos y peque\u00f1as\u2026","rel":"","context":"En \u00abNoticias jur\u00eddicas\u00bb","block_context":{"text":"Noticias jur\u00eddicas","link":"https:\/\/www.derechoabogados.es\/prensa\/categoria\/noticias-juridicas\/"},"img":{"alt_text":"","src":"https:\/\/i0.wp.com\/www.derechoabogados.es\/prensa\/wp-content\/uploads\/2025\/11\/pexels_pexels-photo-209224.jpeg?resize=350%2C200&ssl=1","width":350,"height":200,"srcset":"https:\/\/i0.wp.com\/www.derechoabogados.es\/prensa\/wp-content\/uploads\/2025\/11\/pexels_pexels-photo-209224.jpeg?resize=350%2C200&ssl=1 1x, https:\/\/i0.wp.com\/www.derechoabogados.es\/prensa\/wp-content\/uploads\/2025\/11\/pexels_pexels-photo-209224.jpeg?resize=525%2C300&ssl=1 1.5x, https:\/\/i0.wp.com\/www.derechoabogados.es\/prensa\/wp-content\/uploads\/2025\/11\/pexels_pexels-photo-209224.jpeg?resize=700%2C400&ssl=1 2x"},"classes":[]},{"id":7875,"url":"https:\/\/www.derechoabogados.es\/prensa\/saborido-asesores-refuerza-su-compromiso-con-el-tejido-empresarial-local-ofreciendo-un-servicio-integral-de-gestion-y-consultoria\/","url_meta":{"origin":7784,"position":2},"title":"Saborido Asesores refuerza su compromiso con el tejido empresarial local ofreciendo un servicio integral de gesti\u00f3n y consultor\u00eda","author":"Agencia COMUNICAE","date":"abril 17, 2026","format":false,"excerpt":"El despacho profesional se consolida como el aliado estrat\u00e9gico de referencia para pymes, aut\u00f3nomos y particulares en la comarca del Aljarafe, garantizando seguridad jur\u00eddica, optimizaci\u00f3n tributaria y un trato cercanoEn un entorno econ\u00f3mico y normativo en constante evoluci\u00f3n, la correcta gesti\u00f3n empresarial y el cumplimiento estricto de las obligaciones legales\u2026","rel":"","context":"En \u00abNoticias jur\u00eddicas\u00bb","block_context":{"text":"Noticias jur\u00eddicas","link":"https:\/\/www.derechoabogados.es\/prensa\/categoria\/noticias-juridicas\/"},"img":{"alt_text":"","src":"https:\/\/i0.wp.com\/www.derechoabogados.es\/prensa\/wp-content\/uploads\/2026\/04\/2saborido-slide-1-1ddd.png?resize=350%2C200&ssl=1","width":350,"height":200,"srcset":"https:\/\/i0.wp.com\/www.derechoabogados.es\/prensa\/wp-content\/uploads\/2026\/04\/2saborido-slide-1-1ddd.png?resize=350%2C200&ssl=1 1x, https:\/\/i0.wp.com\/www.derechoabogados.es\/prensa\/wp-content\/uploads\/2026\/04\/2saborido-slide-1-1ddd.png?resize=525%2C300&ssl=1 1.5x, https:\/\/i0.wp.com\/www.derechoabogados.es\/prensa\/wp-content\/uploads\/2026\/04\/2saborido-slide-1-1ddd.png?resize=700%2C400&ssl=1 2x"},"classes":[]},{"id":7612,"url":"https:\/\/www.derechoabogados.es\/prensa\/gesincor-asesores-refuerza-su-expansion-con-servicios-especializados-de-asesoria-en-sevilla-y-marbella\/","url_meta":{"origin":7784,"position":3},"title":"Gesincor Asesores refuerza su expansi\u00f3n con servicios especializados de asesor\u00eda en Sevilla y Marbella","author":"Agencia COMUNICAE","date":"diciembre 18, 2025","format":false,"excerpt":"Gesincor Asesores, la firma multidisciplinar l\u00edder en gesti\u00f3n empresarial y jur\u00eddica, anuncia la ampliaci\u00f3n de su cartera de servicios para dar respuesta al complejo escenario fiscal de 2026Liderazgo y solvencia en la gesti\u00f3n empresarial En un entorno normativo en constante cambio, contar con un respaldo profesional es vital para la\u2026","rel":"","context":"En \u00abNoticias jur\u00eddicas\u00bb","block_context":{"text":"Noticias jur\u00eddicas","link":"https:\/\/www.derechoabogados.es\/prensa\/categoria\/noticias-juridicas\/"},"img":{"alt_text":"","src":"https:\/\/i0.wp.com\/www.derechoabogados.es\/prensa\/wp-content\/uploads\/2025\/12\/gabrielle-henderson-HJckKnwCXxQ-unsplash.jpg?resize=350%2C200&ssl=1","width":350,"height":200,"srcset":"https:\/\/i0.wp.com\/www.derechoabogados.es\/prensa\/wp-content\/uploads\/2025\/12\/gabrielle-henderson-HJckKnwCXxQ-unsplash.jpg?resize=350%2C200&ssl=1 1x, https:\/\/i0.wp.com\/www.derechoabogados.es\/prensa\/wp-content\/uploads\/2025\/12\/gabrielle-henderson-HJckKnwCXxQ-unsplash.jpg?resize=525%2C300&ssl=1 1.5x"},"classes":[]},{"id":7587,"url":"https:\/\/www.derechoabogados.es\/prensa\/mir-assessors-ayuda-a-evitar-los-riesgos-legales-en-las-empresas-con-contratos-blindados\/","url_meta":{"origin":7784,"position":4},"title":"Mir Assessors ayuda a evitar los riesgos legales en las empresas con contratos blindados","author":"Agencia COMUNICAE","date":"diciembre 2, 2025","format":false,"excerpt":"La asesor\u00eda de Torrefarrera (Lleida) refuerza sus servicios de revisi\u00f3n y redacci\u00f3n de contratos comerciales, laborales y societarios para garantizar la seguridad jur\u00eddica y evitar conflictos que puedan comprometer el futuro de los negociosEn un entorno empresarial cada vez m\u00e1s complejo, donde las normativas cambian con rapidez y las relaciones\u2026","rel":"","context":"En \u00abNoticias jur\u00eddicas\u00bb","block_context":{"text":"Noticias jur\u00eddicas","link":"https:\/\/www.derechoabogados.es\/prensa\/categoria\/noticias-juridicas\/"},"img":{"alt_text":"","src":"https:\/\/i0.wp.com\/www.derechoabogados.es\/prensa\/wp-content\/uploads\/2025\/12\/6201-Imagen2.jpg?resize=350%2C200&ssl=1","width":350,"height":200,"srcset":"https:\/\/i0.wp.com\/www.derechoabogados.es\/prensa\/wp-content\/uploads\/2025\/12\/6201-Imagen2.jpg?resize=350%2C200&ssl=1 1x, https:\/\/i0.wp.com\/www.derechoabogados.es\/prensa\/wp-content\/uploads\/2025\/12\/6201-Imagen2.jpg?resize=525%2C300&ssl=1 1.5x, https:\/\/i0.wp.com\/www.derechoabogados.es\/prensa\/wp-content\/uploads\/2025\/12\/6201-Imagen2.jpg?resize=700%2C400&ssl=1 2x, https:\/\/i0.wp.com\/www.derechoabogados.es\/prensa\/wp-content\/uploads\/2025\/12\/6201-Imagen2.jpg?resize=1050%2C600&ssl=1 3x"},"classes":[]}],"jetpack_sharing_enabled":true,"_links":{"self":[{"href":"https:\/\/www.derechoabogados.es\/prensa\/wp-json\/wp\/v2\/posts\/7784","targetHints":{"allow":["GET"]}}],"collection":[{"href":"https:\/\/www.derechoabogados.es\/prensa\/wp-json\/wp\/v2\/posts"}],"about":[{"href":"https:\/\/www.derechoabogados.es\/prensa\/wp-json\/wp\/v2\/types\/post"}],"author":[{"embeddable":true,"href":"https:\/\/www.derechoabogados.es\/prensa\/wp-json\/wp\/v2\/users\/3"}],"replies":[{"embeddable":true,"href":"https:\/\/www.derechoabogados.es\/prensa\/wp-json\/wp\/v2\/comments?post=7784"}],"version-history":[{"count":0,"href":"https:\/\/www.derechoabogados.es\/prensa\/wp-json\/wp\/v2\/posts\/7784\/revisions"}],"wp:featuredmedia":[{"embeddable":true,"href":"https:\/\/www.derechoabogados.es\/prensa\/wp-json\/wp\/v2\/media\/7785"}],"wp:attachment":[{"href":"https:\/\/www.derechoabogados.es\/prensa\/wp-json\/wp\/v2\/media?parent=7784"}],"wp:term":[{"taxonomy":"category","embeddable":true,"href":"https:\/\/www.derechoabogados.es\/prensa\/wp-json\/wp\/v2\/categories?post=7784"},{"taxonomy":"post_tag","embeddable":true,"href":"https:\/\/www.derechoabogados.es\/prensa\/wp-json\/wp\/v2\/tags?post=7784"}],"curies":[{"name":"wp","href":"https:\/\/api.w.org\/{rel}","templated":true}]}}