{"id":7887,"date":"2026-04-28T15:49:04","date_gmt":"2026-04-28T15:49:04","guid":{"rendered":"https:\/\/www.derechoabogados.es\/prensa\/atland-abogados-y-economistas-celebra-su-15o-aniversario-consolidado-como-firma-de-referencia-para-el-middle-market\/"},"modified":"2026-04-28T15:49:04","modified_gmt":"2026-04-28T15:49:04","slug":"atland-abogados-y-economistas-celebra-su-15o-aniversario-consolidado-como-firma-de-referencia-para-el-middle-market","status":"publish","type":"post","link":"https:\/\/www.derechoabogados.es\/prensa\/atland-abogados-y-economistas-celebra-su-15o-aniversario-consolidado-como-firma-de-referencia-para-el-middle-market\/","title":{"rendered":"Atland Abogados y Economistas celebra su 15\u00ba aniversario consolidado como firma de referencia para el \u00abmiddle market\u00bb"},"content":{"rendered":"<div>\n<p><a href=\"https:\/\/www.derechoabogados.es\/prensa\/wp-content\/uploads\/2026\/04\/Atland_Abogados.jpg\" target=\"_blank\" class=\"fotonota\"> <img decoding=\"async\" src=\"https:\/\/www.derechoabogados.es\/prensa\/wp-content\/uploads\/2026\/04\/Atland_Abogados.jpg\" style=\"max-width:600px;\" border=\"0\" class=\"postImage\" alt=\"\"><\/a><\/p>\n<p>Fundado en Zaragoza, el despacho ha desarrollado estos a\u00f1os un modelo de asesoramiento que combina especializaci\u00f3n jur\u00eddica y visi\u00f3n empresarial<\/p>\n<p><\/p>\n<p>Atland Abogados y Economistas celebra este a\u00f1o su <strong>15\u00ba aniversario<\/strong>, una trayectoria marcada por el crecimiento sostenido y por un modelo de asesoramiento basado en el rigor t\u00e9cnico, la cercan\u00eda con el cliente y una visi\u00f3n estrat\u00e9gica del derecho aplicada al entorno empresarial.<\/p>\n<p>Con origen en Zaragoza, el despacho naci\u00f3 con el prop\u00f3sito de ofrecer a empresas y empresarios un <strong>asesoramiento jur\u00eddico y econ\u00f3mico integral<\/strong>, especialmente orientado a compa\u00f1\u00edas del <em>middle market<\/em>, acompa\u00f1\u00e1ndolas en las distintas fases de su desarrollo. Quince a\u00f1os despu\u00e9s, Atland Abogados y Economistas se ha consolidado como una firma que asesora a <strong>empresas de distintos tama\u00f1os y sectores<\/strong>, desde pymes y empresas familiares hasta compa\u00f1\u00edas con presencia nacional e internacional.<\/p>\n<p>Actualmente, la firma cuenta con <strong>17 profesionales y presencia en Zaragoza, Madrid y Barcelona<\/strong>, desde donde presta asesoramiento a empresas en todo el territorio nacional y en operaciones con dimensi\u00f3n internacional.<\/p>\n<p>A lo largo de estos a\u00f1os, la firma ha desarrollado una pr\u00e1ctica especialmente s\u00f3lida en \u00e1reas como <strong>Derecho mercantil y operaciones corporativas (M&amp;A), fiscalidad, litigaci\u00f3n y arbitraje, reestructuraciones e insolvencias, as\u00ed como asesoramiento civil y administrativo<\/strong>, ofreciendo una aproximaci\u00f3n multidisciplinar orientada a facilitar la toma de decisiones estrat\u00e9gicas de las empresas.<\/p>\n<p>El equipo de Atland Abogados y Economistas cuenta, adem\u00e1s, con una amplia experiencia en distintos sectores empresariales, entre ellos <strong>tecnolog\u00eda, inmobiliario o comercio<\/strong>, \u00e1mbitos en los que combina el conocimiento jur\u00eddico con una comprensi\u00f3n profunda de las din\u00e1micas empresariales.<\/p>\n<p>El trabajo del despacho ha sido reconocido por <strong>algunos de los principales directorios internacionales del sector legal, como Chambers &amp; Partners, Legal 500 y Best Lawyers<\/strong>, que han destacado la calidad del asesoramiento de la firma y su orientaci\u00f3n al cliente. En particular, Chambers &amp; Partners subraya la experiencia del despacho en todo el espectro del derecho de los negocios y reconoce a <strong>Javier Moreno Moya y Juan Jim\u00e9nez Asensio<\/strong>, socios, como profesionales destacados.<\/p>\n<p>Asimismo, el diario <strong>Hoy Arag\u00f3n<\/strong> ha distinguido a Atland Abogados y Economistas con el <strong>Premio Cotizar al Mejor Equipo Jur\u00eddico<\/strong>, en reconocimiento a la calidad del asesoramiento legal del despacho y a su contribuci\u00f3n al conocimiento empresarial en Arag\u00f3n.<\/p>\n<p>\u00abDurante estos quince a\u00f1os hemos construido un proyecto basado en la confianza de nuestros clientes y en una forma de entender la abogac\u00eda muy vinculada al mundo empresarial. Nuestro objetivo sigue siendo acompa\u00f1ar a las empresas con un asesoramiento riguroso y estrat\u00e9gico en un entorno econ\u00f3mico muy complejo]\u00bb, se\u00f1ala <strong>Juan Jim\u00e9nez.<\/strong><\/p>\n<p>De cara al futuro, Atland Abogados y Economistas afronta esta nueva etapa con el objetivo de <strong>seguir consolidando su posicionamiento como firma de referencia en el asesoramiento jur\u00eddico y econ\u00f3mico a empresas del <em>middle market<\/em><\/strong><em>, <\/em>reforzando su especializaci\u00f3n y acompa\u00f1ando a sus clientes en un contexto empresarial cada vez m\u00e1s din\u00e1mico y global.<\/p>\n<p>Este aniversario supone tambi\u00e9n una oportunidad para <strong>reafirmar los valores que han guiado al despacho desde sus inicios<\/strong>, entre ellos el compromiso con el cliente, la excelencia t\u00e9cnica y una visi\u00f3n de largo plazo en la relaci\u00f3n con las empresas a las que asesora.<\/p>\n<p><strong>Sobre Atland Abogados y Economistas<\/strong><br \/>\nAtland Abogados y Economistas es una firma especializada en el asesoramiento jur\u00eddico y econ\u00f3mico a empresas, con especial foco en \u00e1reas como Derecho mercantil y operaciones corporativas, fiscalidad, litigaci\u00f3n y arbitraje, as\u00ed como reestructuraciones e insolvencias. Con origen en Zaragoza y presencia en Madrid y Barcelona, la firma presta asesoramiento a empresas \u2014especialmente del <em>middle market<\/em>\u2014\u00a0en el \u00e1mbito nacional e internacional, ofreciendo un enfoque multidisciplinar orientado a las necesidades estrat\u00e9gicas del negocio.<\/p>\n<p><img decoding=\"async\" class=\"mediakit\" src=\"https:\/\/www.comunicae.es\/notificaLectura.php?notaId=1271602&amp;tipoCanalId=218&amp;edr=1778709600000\" width=\"1px\" height=\"1px\" style=\"width:1px !important; height:1px !important;\"><\/div>\n\n\n<div class=\"kk-star-ratings kksr-auto kksr-align-right kksr-valign-bottom\"\n    data-payload='{&quot;align&quot;:&quot;right&quot;,&quot;id&quot;:&quot;7887&quot;,&quot;slug&quot;:&quot;default&quot;,&quot;valign&quot;:&quot;bottom&quot;,&quot;ignore&quot;:&quot;&quot;,&quot;reference&quot;:&quot;auto&quot;,&quot;class&quot;:&quot;&quot;,&quot;count&quot;:&quot;0&quot;,&quot;legendonly&quot;:&quot;&quot;,&quot;readonly&quot;:&quot;&quot;,&quot;score&quot;:&quot;0&quot;,&quot;starsonly&quot;:&quot;&quot;,&quot;best&quot;:&quot;5&quot;,&quot;gap&quot;:&quot;5&quot;,&quot;greet&quot;:&quot;Valore este art\u00edculo, gracias.&quot;,&quot;legend&quot;:&quot;0\\\/5 - (0 votos)&quot;,&quot;size&quot;:&quot;26&quot;,&quot;title&quot;:&quot;Atland Abogados y Economistas celebra su 15\u00ba aniversario consolidado como firma de referencia para el \\u0026quot;middle market\\u0026quot;&quot;,&quot;width&quot;:&quot;0&quot;,&quot;_legend&quot;:&quot;{score}\\\/{best} - ({count} {votes})&quot;,&quot;font_factor&quot;:&quot;1.25&quot;}'>\n            \n<div class=\"kksr-stars\">\n    \n<div class=\"kksr-stars-inactive\">\n            <div class=\"kksr-star\" data-star=\"1\" style=\"padding-right: 5px\">\n            \n\n<div class=\"kksr-icon\" style=\"width: 26px; height: 26px;\"><\/div>\n        <\/div>\n            <div class=\"kksr-star\" data-star=\"2\" style=\"padding-right: 5px\">\n            \n\n<div class=\"kksr-icon\" style=\"width: 26px; height: 26px;\"><\/div>\n        <\/div>\n            <div class=\"kksr-star\" data-star=\"3\" style=\"padding-right: 5px\">\n            \n\n<div class=\"kksr-icon\" style=\"width: 26px; height: 26px;\"><\/div>\n        <\/div>\n            <div class=\"kksr-star\" data-star=\"4\" style=\"padding-right: 5px\">\n            \n\n<div class=\"kksr-icon\" style=\"width: 26px; height: 26px;\"><\/div>\n        <\/div>\n            <div class=\"kksr-star\" data-star=\"5\" style=\"padding-right: 5px\">\n            \n\n<div class=\"kksr-icon\" style=\"width: 26px; height: 26px;\"><\/div>\n        <\/div>\n    <\/div>\n    \n<div class=\"kksr-stars-active\" style=\"width: 0px;\">\n            <div class=\"kksr-star\" style=\"padding-right: 5px\">\n            \n\n<div class=\"kksr-icon\" style=\"width: 26px; height: 26px;\"><\/div>\n        <\/div>\n            <div class=\"kksr-star\" style=\"padding-right: 5px\">\n            \n\n<div class=\"kksr-icon\" style=\"width: 26px; height: 26px;\"><\/div>\n        <\/div>\n            <div class=\"kksr-star\" style=\"padding-right: 5px\">\n            \n\n<div class=\"kksr-icon\" style=\"width: 26px; height: 26px;\"><\/div>\n        <\/div>\n            <div class=\"kksr-star\" style=\"padding-right: 5px\">\n            \n\n<div class=\"kksr-icon\" style=\"width: 26px; height: 26px;\"><\/div>\n        <\/div>\n            <div class=\"kksr-star\" style=\"padding-right: 5px\">\n            \n\n<div class=\"kksr-icon\" style=\"width: 26px; height: 26px;\"><\/div>\n        <\/div>\n    <\/div>\n<\/div>\n                \n\n<div class=\"kksr-legend\" style=\"font-size: 20.8px;\">\n            <span class=\"kksr-muted\">Valore este art\u00edculo, gracias.<\/span>\n    <\/div>\n    <\/div>\n","protected":false},"excerpt":{"rendered":"<p>Fundado en Zaragoza, el despacho ha desarrollado estos a\u00f1os un modelo de asesoramiento que combina especializaci\u00f3n jur\u00eddica y visi\u00f3n empresarial Atland Abogados y Economistas celebra este a\u00f1o su 15\u00ba aniversario, una trayectoria marcada por el crecimiento sostenido y por un modelo de asesoramiento basado en el rigor t\u00e9cnico, la cercan\u00eda con el cliente y una<\/p>\n","protected":false},"author":3,"featured_media":7888,"comment_status":"open","ping_status":"open","sticky":false,"template":"","format":"standard","meta":{"_jetpack_memberships_contains_paid_content":false,"footnotes":""},"categories":[53],"tags":[],"class_list":["post-7887","post","type-post","status-publish","format-standard","has-post-thumbnail","hentry","category-noticias-juridicas"],"jetpack_featured_media_url":"https:\/\/www.derechoabogados.es\/prensa\/wp-content\/uploads\/2026\/04\/Atland_Abogados-scaled.jpg","jetpack-related-posts":[{"id":7509,"url":"https:\/\/www.derechoabogados.es\/prensa\/rua-abogados-celebra-50-anos-como-referente-en-reclamaciones-colectivas-y-presenta-su-nueva-identidad-corporativa\/","url_meta":{"origin":7887,"position":0},"title":"R\u00faa Abogados celebra 50 a\u00f1os como referente en reclamaciones colectivas y presenta su nueva identidad corporativa","author":"Agencia COMUNICAE","date":"octubre 22, 2025","format":false,"excerpt":"La firma, fundada en 1975, ha recuperado m\u00e1s de 80 millones de euros y suma m\u00e1s de 20.000 reclamaciones ganadas. Con motivo de su 50.\u00ba aniversario, presenta una nueva identidad corporativa con logotipo renovado y p\u00e1gina web, reflejando su evoluci\u00f3n y visi\u00f3n de futuroR\u00faa Abogados cumple este a\u00f1o su 50.\u00ba\u2026","rel":"","context":"En \u00abNoticias jur\u00eddicas\u00bb","block_context":{"text":"Noticias jur\u00eddicas","link":"https:\/\/www.derechoabogados.es\/prensa\/categoria\/noticias-juridicas\/"},"img":{"alt_text":"","src":"https:\/\/i0.wp.com\/www.derechoabogados.es\/prensa\/wp-content\/uploads\/2025\/10\/Pablo_Luis_Ra_Sobrino_CEO_Chief_Executive_Officer_3_1.jpg?resize=350%2C200&ssl=1","width":350,"height":200,"srcset":"https:\/\/i0.wp.com\/www.derechoabogados.es\/prensa\/wp-content\/uploads\/2025\/10\/Pablo_Luis_Ra_Sobrino_CEO_Chief_Executive_Officer_3_1.jpg?resize=350%2C200&ssl=1 1x, https:\/\/i0.wp.com\/www.derechoabogados.es\/prensa\/wp-content\/uploads\/2025\/10\/Pablo_Luis_Ra_Sobrino_CEO_Chief_Executive_Officer_3_1.jpg?resize=525%2C300&ssl=1 1.5x, https:\/\/i0.wp.com\/www.derechoabogados.es\/prensa\/wp-content\/uploads\/2025\/10\/Pablo_Luis_Ra_Sobrino_CEO_Chief_Executive_Officer_3_1.jpg?resize=700%2C400&ssl=1 2x, https:\/\/i0.wp.com\/www.derechoabogados.es\/prensa\/wp-content\/uploads\/2025\/10\/Pablo_Luis_Ra_Sobrino_CEO_Chief_Executive_Officer_3_1.jpg?resize=1050%2C600&ssl=1 3x, https:\/\/i0.wp.com\/www.derechoabogados.es\/prensa\/wp-content\/uploads\/2025\/10\/Pablo_Luis_Ra_Sobrino_CEO_Chief_Executive_Officer_3_1.jpg?resize=1400%2C800&ssl=1 4x"},"classes":[]},{"id":7447,"url":"https:\/\/www.derechoabogados.es\/prensa\/anderson-abogados-impulsa-la-ia-en-el-sector-juridico\/","url_meta":{"origin":7887,"position":1},"title":"Anderson Abogados impulsa la IA en el sector jur\u00eddico","author":"Agencia COMUNICAE","date":"septiembre 17, 2025","format":false,"excerpt":"Anderson Abogados impulsa la innovaci\u00f3n jur\u00eddica con inteligencia artificial para reforzar su modelo boutique internacionalEl despacho Anderson Abogados da un paso m\u00e1s en su proceso de transformaci\u00f3n estrat\u00e9gica con el despliegue de una innovadora suite tecnol\u00f3gica de inteligencia artificial (IA) aplicada al derecho, reforzando as\u00ed su apuesta por un modelo\u2026","rel":"","context":"En \u00abNoticias jur\u00eddicas\u00bb","block_context":{"text":"Noticias jur\u00eddicas","link":"https:\/\/www.derechoabogados.es\/prensa\/categoria\/noticias-juridicas\/"},"img":{"alt_text":"","src":"https:\/\/i0.wp.com\/www.derechoabogados.es\/prensa\/wp-content\/uploads\/2025\/09\/Captura_de_pantalla_2025-08-24_a_las_182442.png?resize=350%2C200&ssl=1","width":350,"height":200,"srcset":"https:\/\/i0.wp.com\/www.derechoabogados.es\/prensa\/wp-content\/uploads\/2025\/09\/Captura_de_pantalla_2025-08-24_a_las_182442.png?resize=350%2C200&ssl=1 1x, https:\/\/i0.wp.com\/www.derechoabogados.es\/prensa\/wp-content\/uploads\/2025\/09\/Captura_de_pantalla_2025-08-24_a_las_182442.png?resize=525%2C300&ssl=1 1.5x, https:\/\/i0.wp.com\/www.derechoabogados.es\/prensa\/wp-content\/uploads\/2025\/09\/Captura_de_pantalla_2025-08-24_a_las_182442.png?resize=700%2C400&ssl=1 2x"},"classes":[]},{"id":7692,"url":"https:\/\/www.derechoabogados.es\/prensa\/auris-advocats-duplica-resultados-con-xavier-saula-anna-compte-y-oriol-sagrera-al-frente\/","url_meta":{"origin":7887,"position":2},"title":"Auris Advocats duplica resultados con Xavier Saula, Anna Compte y Oriol Sagrera al frente","author":"Agencia COMUNICAE","date":"febrero 9, 2026","format":false,"excerpt":"El despacho de abogados y consultores l\u00edder en derecho digital consolida el ritmo de crecimientoAuris, despacho de abogados especializado en servicios jur\u00eddicos y de consultor\u00eda para empresas, duplica sus resultados y consolida una nueva etapa de crecimiento despu\u00e9s de haber inaugurado, hace un a\u00f1o y medio, las nuevas oficinas en\u2026","rel":"","context":"En \u00abNoticias jur\u00eddicas\u00bb","block_context":{"text":"Noticias jur\u00eddicas","link":"https:\/\/www.derechoabogados.es\/prensa\/categoria\/noticias-juridicas\/"},"img":{"alt_text":"","src":"https:\/\/i0.wp.com\/www.derechoabogados.es\/prensa\/wp-content\/uploads\/2026\/02\/Oriol_Sagrera_Oriol_Sagrera.jpg?resize=350%2C200&ssl=1","width":350,"height":200,"srcset":"https:\/\/i0.wp.com\/www.derechoabogados.es\/prensa\/wp-content\/uploads\/2026\/02\/Oriol_Sagrera_Oriol_Sagrera.jpg?resize=350%2C200&ssl=1 1x, https:\/\/i0.wp.com\/www.derechoabogados.es\/prensa\/wp-content\/uploads\/2026\/02\/Oriol_Sagrera_Oriol_Sagrera.jpg?resize=525%2C300&ssl=1 1.5x"},"classes":[]},{"id":7614,"url":"https:\/\/www.derechoabogados.es\/prensa\/asencio-abogados-se-consolida-como-el-despacho-de-referencia-en-derecho-de-familia-y-divorcios-en-sevilla\/","url_meta":{"origin":7887,"position":3},"title":"Asencio Abogados se consolida como el despacho de referencia en Derecho de Familia y divorcios en Sevilla","author":"Agencia COMUNICAE","date":"diciembre 19, 2025","format":false,"excerpt":"Liderado por expertos con una dilatada trayectoria en el \u00e1mbito jur\u00eddico, reafirma su posici\u00f3n como la asesor\u00eda legal especializada en Derecho de Familia m\u00e1s s\u00f3lida de la capital andaluza. En un contexto donde la resoluci\u00f3n de conflictos familiares requiere tanto rigor t\u00e9cnico como sensibilidad humana, el despacho destaca por su\u2026","rel":"","context":"En \u00abNoticias jur\u00eddicas\u00bb","block_context":{"text":"Noticias jur\u00eddicas","link":"https:\/\/www.derechoabogados.es\/prensa\/categoria\/noticias-juridicas\/"},"img":{"alt_text":"","src":"https:\/\/i0.wp.com\/www.derechoabogados.es\/prensa\/wp-content\/uploads\/2025\/12\/andrew-neel-cckf4TsHAuw-unsplash.jpg?resize=350%2C200&ssl=1","width":350,"height":200,"srcset":"https:\/\/i0.wp.com\/www.derechoabogados.es\/prensa\/wp-content\/uploads\/2025\/12\/andrew-neel-cckf4TsHAuw-unsplash.jpg?resize=350%2C200&ssl=1 1x, https:\/\/i0.wp.com\/www.derechoabogados.es\/prensa\/wp-content\/uploads\/2025\/12\/andrew-neel-cckf4TsHAuw-unsplash.jpg?resize=525%2C300&ssl=1 1.5x"},"classes":[]},{"id":7488,"url":"https:\/\/www.derechoabogados.es\/prensa\/vilches-abogados-celebra-su-convencion-anual-reforzando-su-estrategia-de-crecimiento-y-marca\/","url_meta":{"origin":7887,"position":4},"title":"Vilches Abogados celebra su convenci\u00f3n anual reforzando su estrategia de crecimiento y marca","author":"Agencia COMUNICAE","date":"octubre 7, 2025","format":false,"excerpt":"La firma reafirma su posicionamiento nacional tras su convenci\u00f3n anual, marcando una hoja de ruta basada en el crecimiento sostenible, la excelencia jur\u00eddica y la innovaci\u00f3nEl despacho\u00a0Vilches Abogados ha celebrado con \u00e9xito su convenci\u00f3n anual en Madrid que ten\u00eda como objetivo reforzar la estrategia de crecimiento de la firma y\u2026","rel":"","context":"En \u00abNoticias jur\u00eddicas\u00bb","block_context":{"text":"Noticias jur\u00eddicas","link":"https:\/\/www.derechoabogados.es\/prensa\/categoria\/noticias-juridicas\/"},"img":{"alt_text":"","src":"https:\/\/i0.wp.com\/www.derechoabogados.es\/prensa\/wp-content\/uploads\/2025\/10\/Vilches_Abogados-35-scaled.jpeg?resize=350%2C200&ssl=1","width":350,"height":200,"srcset":"https:\/\/i0.wp.com\/www.derechoabogados.es\/prensa\/wp-content\/uploads\/2025\/10\/Vilches_Abogados-35-scaled.jpeg?resize=350%2C200&ssl=1 1x, https:\/\/i0.wp.com\/www.derechoabogados.es\/prensa\/wp-content\/uploads\/2025\/10\/Vilches_Abogados-35-scaled.jpeg?resize=525%2C300&ssl=1 1.5x, https:\/\/i0.wp.com\/www.derechoabogados.es\/prensa\/wp-content\/uploads\/2025\/10\/Vilches_Abogados-35-scaled.jpeg?resize=700%2C400&ssl=1 2x, https:\/\/i0.wp.com\/www.derechoabogados.es\/prensa\/wp-content\/uploads\/2025\/10\/Vilches_Abogados-35-scaled.jpeg?resize=1050%2C600&ssl=1 3x, https:\/\/i0.wp.com\/www.derechoabogados.es\/prensa\/wp-content\/uploads\/2025\/10\/Vilches_Abogados-35-scaled.jpeg?resize=1400%2C800&ssl=1 4x"},"classes":[]}],"jetpack_sharing_enabled":true,"_links":{"self":[{"href":"https:\/\/www.derechoabogados.es\/prensa\/wp-json\/wp\/v2\/posts\/7887","targetHints":{"allow":["GET"]}}],"collection":[{"href":"https:\/\/www.derechoabogados.es\/prensa\/wp-json\/wp\/v2\/posts"}],"about":[{"href":"https:\/\/www.derechoabogados.es\/prensa\/wp-json\/wp\/v2\/types\/post"}],"author":[{"embeddable":true,"href":"https:\/\/www.derechoabogados.es\/prensa\/wp-json\/wp\/v2\/users\/3"}],"replies":[{"embeddable":true,"href":"https:\/\/www.derechoabogados.es\/prensa\/wp-json\/wp\/v2\/comments?post=7887"}],"version-history":[{"count":0,"href":"https:\/\/www.derechoabogados.es\/prensa\/wp-json\/wp\/v2\/posts\/7887\/revisions"}],"wp:featuredmedia":[{"embeddable":true,"href":"https:\/\/www.derechoabogados.es\/prensa\/wp-json\/wp\/v2\/media\/7888"}],"wp:attachment":[{"href":"https:\/\/www.derechoabogados.es\/prensa\/wp-json\/wp\/v2\/media?parent=7887"}],"wp:term":[{"taxonomy":"category","embeddable":true,"href":"https:\/\/www.derechoabogados.es\/prensa\/wp-json\/wp\/v2\/categories?post=7887"},{"taxonomy":"post_tag","embeddable":true,"href":"https:\/\/www.derechoabogados.es\/prensa\/wp-json\/wp\/v2\/tags?post=7887"}],"curies":[{"name":"wp","href":"https:\/\/api.w.org\/{rel}","templated":true}]}}